{"id":135241,"date":"2025-10-05T16:16:05","date_gmt":"2025-10-05T21:16:05","guid":{"rendered":"https:\/\/formalprision.com\/?p=135241"},"modified":"2025-10-06T23:42:54","modified_gmt":"2025-10-07T04:42:54","slug":"inolvidable-el-festival-de-jazz-merida-2025-reune-con-exito-a-mas-de-13-mil-espectadores","status":"publish","type":"post","link":"https:\/\/formalprision.com\/?p=135241","title":{"rendered":"Inolvidable, el Festival de Jazz M\u00e9rida 2025 re\u00fane con \u00e9xito a m\u00e1s de 13 mil espectadores"},"content":{"rendered":"\n<p>M\u00c9RIDA, Yucat\u00e1n.- Inolvidables resultaron las noches del Festival de Jazz M\u00e9rida 2025 que en est\u00e1 su primera edici\u00f3n reuni\u00f3 con gran \u00e9xito a m\u00e1s de 13 mil espectadores.<\/p>\n\n\n\n<p>El Ayuntamiento de M\u00e9rida que encabeza Cecilia Patr\u00f3n Laviada, a trav\u00e9s de la Direcci\u00f3n de Identidad y Cultura, con la curadur\u00eda de Ricardo Mart\u00ednez, ofreci\u00f3 este festival que se caracteriz\u00f3 por la participaci\u00f2n de un 60 por ciento de talento local, junto a grandes invitados nacionales e internacionales, que con sus voces, fusiones y propuestas conquistaron a meridanas, meridanos y visitantes en variados conciertos y actividades gratuitas.<\/p>\n\n\n\n<p>El gran cierre la noche del s\u00e1bado estuvo a cargo de la internacional voz de Magos Herrera, teniendo como marco el Pasaje de la Revoluci\u00f3n, que se convirti\u00f3 en escenario emergente debido a las lluvias, para seguridad de los asistentes, pese a tener menor aforo.<\/p>\n\n\n\n<p>El clima que prevaleci\u00f3 los cuatro d\u00edas en la ciudad no impidi\u00f3 a las familias salir de casa y abrazar el g\u00e9nero reconocido en el mundo por su calidad de improvisaci\u00f3n, fusiones, creatividad y libertad.<\/p>\n\n\n\n<p>En su intervenci\u00f3n, Magos Herrera dej\u00f3 sus buenos deseos para que la sociedad siga acompa\u00f1ando a los m\u00fasicos del g\u00e9nero y sean muchas m\u00e1s las ediciones de la actividad.<\/p>\n\n\n\n<p>Acompa\u00f1ada de Vinicius Gomes, Alex Kautz y Matthew Pennman, interpret\u00f3 temas de su disco \u201cAire\u201d, escrito en tiempos de la pandemia, como \u201cGracias a la vida\u201d, \u201cPapalote\u201d, \u201cRemanso\u201d, \u201cAlfonsina y el mar\u201d y el que da nombre al disco.<\/p>\n\n\n\n<p>La int\u00e9rprete se ha presentado en grandes foros culturales internacionales como el Carnegie Hall y Lincoln Center, en Nueva York; el Palacio de Bellas Artes en Madrid, en Londres, Valencia y ha sido parte de reconocidos festivales de jazz.<\/p>\n\n\n\n<p>Antes, se present\u00f3 \u00d3scar Ter\u00e1n Cuarteto, quien lleg\u00f3 desde Xalapa para mostrar su magia y versatilidad con el contrabajo, al lado de Alonso Blanco, Miguel Covarrubias y Paco Godoy.<\/p>\n\n\n\n<p>Uno de los momentos m\u00e1s festivos fue el jazz al estilo Nueva Orleans a cargo de la M\u00e9rida Hot Jazz Society, que realiz\u00f3 una Marcha Second Line desde la entrada del Pasaje y luego ofreci\u00f3 concierto con ritmos de dixi, y blues que pusieron a bailar a los asistentes.<\/p>\n\n\n\n<p>Talento Juvenil<\/p>\n\n\n\n<p>La noche del viernes 3, la banda Meen Green demostr\u00f3 que en M\u00e9rida existe talento abri\u00e9ndose paso en el movimiento jazz\u00edstico con estilo propio, con temas de su \u00e1lbum \u201cQuimera\u201d.<\/p>\n\n\n\n<p>Desde Aguascalientes, la banda Tlapaler\u00eda Don Chuy tom\u00f3 el escenario con su \u201cafro-mexi-fiesta\u201d inspirados en el funk y afrobeat con toques contempor\u00e1neos.<\/p>\n\n\n\n<p>La velada concluy\u00f3 con el jazz latino de Elizabeth Meza, con ritmos de bossa nova, samba, reminiscencias cubanas.<\/p>\n\n\n\n<p>Los seis \u00faltimos conciertos fueron conducidos por la cantautora y periodista mexicana Sara Valenzuela, quien abri\u00f3 cada jornada con breves semblanzas de los invitados.<\/p>\n\n\n\n<p>La primera noche cont\u00f3 con la presentaci\u00f3n del Grupo de Jazz Concord, de San Cuevas, y de The Tribe, en el parque de Santa Luc\u00eda.<\/p>\n\n\n\n<p>El festival incluy\u00f3 tambi\u00e9n clases magistrales en la Universidad An\u00e1huac Mayab y un conversatorio en el Centro Peninsular en Humanidades y Ciencias Sociales (CEPHCIS) con Mario Esquivel, Emmanuel Mora y Edgar Cruz.<\/p>\n\n\n\n<p>As\u00ed, M\u00e9rida experiment\u00f3 innovadora propuesta musical con positiva respuesta, ampliando la oferta que contribuye a la construcci\u00f3n de la paz en la capital yucateca.<\/p>\n","protected":false},"excerpt":{"rendered":"<p>M\u00c9RIDA, Yucat\u00e1n.- Inolvidables resultaron las noches del Festival de Jazz M\u00e9rida 2025 que en est\u00e1 su primera edici\u00f3n reuni\u00f3 con gran \u00e9xito a m\u00e1s de 13 mil espectadores. El Ayuntamiento<\/p>\n","protected":false},"author":2,"featured_media":135242,"comment_status":"open","ping_status":"open","sticky":false,"template":"","format":"standard","meta":{"jetpack_post_was_ever_published":false,"_jetpack_newsletter_access":"","_jetpack_dont_email_post_to_subs":false,"_jetpack_newsletter_tier_id":0,"_jetpack_memberships_contains_paywalled_content":false,"_jetpack_memberships_contains_paid_content":false,"footnotes":"","jetpack_publicize_message":"","jetpack_publicize_feature_enabled":true,"jetpack_social_post_already_shared":true,"jetpack_social_options":{"image_generator_settings":{"template":"highway","default_image_id":0,"font":"","enabled":false},"version":2}},"categories":[14],"tags":[],"class_list":["post-135241","post","type-post","status-publish","format-standard","has-post-thumbnail","hentry","category-merida"],"jetpack_publicize_connections":[],"jetpack_featured_media_url":"https:\/\/formalprision.com\/wp-content\/uploads\/2025\/10\/WhatsApp-Image-2025-10-05-at-2.33.01-PM.jpeg","jetpack_sharing_enabled":true,"jetpack_shortlink":"https:\/\/wp.me\/p6id8p-zbj","_links":{"self":[{"href":"https:\/\/formalprision.com\/index.php?rest_route=\/wp\/v2\/posts\/135241","targetHints":{"allow":["GET"]}}],"collection":[{"href":"https:\/\/formalprision.com\/index.php?rest_route=\/wp\/v2\/posts"}],"about":[{"href":"https:\/\/formalprision.com\/index.php?rest_route=\/wp\/v2\/types\/post"}],"author":[{"embeddable":true,"href":"https:\/\/formalprision.com\/index.php?rest_route=\/wp\/v2\/users\/2"}],"replies":[{"embeddable":true,"href":"https:\/\/formalprision.com\/index.php?rest_route=%2Fwp%2Fv2%2Fcomments&post=135241"}],"version-history":[{"count":1,"href":"https:\/\/formalprision.com\/index.php?rest_route=\/wp\/v2\/posts\/135241\/revisions"}],"predecessor-version":[{"id":135243,"href":"https:\/\/formalprision.com\/index.php?rest_route=\/wp\/v2\/posts\/135241\/revisions\/135243"}],"wp:featuredmedia":[{"embeddable":true,"href":"https:\/\/formalprision.com\/index.php?rest_route=\/wp\/v2\/media\/135242"}],"wp:attachment":[{"href":"https:\/\/formalprision.com\/index.php?rest_route=%2Fwp%2Fv2%2Fmedia&parent=135241"}],"wp:term":[{"taxonomy":"category","embeddable":true,"href":"https:\/\/formalprision.com\/index.php?rest_route=%2Fwp%2Fv2%2Fcategories&post=135241"},{"taxonomy":"post_tag","embeddable":true,"href":"https:\/\/formalprision.com\/index.php?rest_route=%2Fwp%2Fv2%2Ftags&post=135241"}],"curies":[{"name":"wp","href":"https:\/\/api.w.org\/{rel}","templated":true}]}}