{"id":135250,"date":"2025-10-05T20:38:50","date_gmt":"2025-10-06T01:38:50","guid":{"rendered":"https:\/\/formalprision.com\/?p=135250"},"modified":"2025-10-06T21:36:55","modified_gmt":"2025-10-07T02:36:55","slug":"dictan-prision-preventiva-al-ex-fubolista-omar-bravo","status":"publish","type":"post","link":"https:\/\/formalprision.com\/?p=135250","title":{"rendered":"Dictan prisi\u00f3n preventiva al ex fubolista Omar Bravo"},"content":{"rendered":"\n<p>Un juez de Control decret\u00f3 la legal detenci\u00f3n del exfutbolista Omar Bravo y le impuso la prisi\u00f3n preventiva como medida cautelar.<\/p>\n\n\n\n<p>El m\u00e1ximo goleador de Chivas permanecer\u00e1 en el Reclusorio Metropolitano del Complejo Penitenciario de Puente Grande, Jalisco.<\/p>\n\n\n\n<p>Omar Bravo fue detenido el s\u00e1bado 4 de octubre en Zapopan, se\u00f1alado por abuso sexual infantil agravado.<\/p>\n\n\n\n<p>La Fiscal\u00eda de Jalisco indic\u00f3 que \u201chabr\u00eda abusado de una adolescente en distintas ocasiones en los \u00faltimos meses\u201d, en tanto que \u201cse presume que anteriormente habr\u00eda cometido acciones similares\u201d.<\/p>\n\n\n\n<p>De acuerdo con el peri\u00f3dico Reforma, el exfutbolista habr\u00eda agredido sexualmente a una menor de edad desde 2019, cuando esta ten\u00eda 11 a\u00f1os.<\/p>\n\n\n\n<p>La denuncia fue interpuesta el 30 de septiembre pasado, despu\u00e9s de que la adolescente v\u00edctima grab\u00f3 uno de los abusos y mostr\u00f3 el video a su madre.<\/p>\n\n\n\n<p>La grabaci\u00f3n fue presentada como prueba para que un juez girara la orden de aprehensi\u00f3n contra Bravo.<\/p>\n\n\n\n<p>Fuentes cercanas al caso se\u00f1alan que los abusos contra la menor iniciaron como tocamientos y proposiciones de \u00edndole sexual mientras la madre de esta no estaba.<\/p>\n\n\n\n<p>Asimismo, Bravo habr\u00eda amenazado a la v\u00edctima para evitar que lo acusara.<\/p>\n","protected":false},"excerpt":{"rendered":"<p>Un juez de Control decret\u00f3 la legal detenci\u00f3n del exfutbolista Omar Bravo y le impuso la prisi\u00f3n preventiva como medida cautelar. El m\u00e1ximo goleador de Chivas permanecer\u00e1 en el Reclusorio<\/p>\n","protected":false},"author":2,"featured_media":135252,"comment_status":"open","ping_status":"open","sticky":false,"template":"","format":"standard","meta":{"jetpack_post_was_ever_published":false,"_jetpack_newsletter_access":"","_jetpack_dont_email_post_to_subs":false,"_jetpack_newsletter_tier_id":0,"_jetpack_memberships_contains_paywalled_content":false,"_jetpack_memberships_contains_paid_content":false,"footnotes":"","jetpack_publicize_message":"","jetpack_publicize_feature_enabled":true,"jetpack_social_post_already_shared":true,"jetpack_social_options":{"image_generator_settings":{"template":"highway","default_image_id":0,"font":"","enabled":false},"version":2}},"categories":[23],"tags":[],"class_list":["post-135250","post","type-post","status-publish","format-standard","has-post-thumbnail","hentry","category-del-mundo"],"jetpack_publicize_connections":[],"jetpack_featured_media_url":"https:\/\/formalprision.com\/wp-content\/uploads\/2025\/10\/omar-bravo.jpg","jetpack_sharing_enabled":true,"jetpack_shortlink":"https:\/\/wp.me\/p6id8p-zbs","_links":{"self":[{"href":"https:\/\/formalprision.com\/index.php?rest_route=\/wp\/v2\/posts\/135250","targetHints":{"allow":["GET"]}}],"collection":[{"href":"https:\/\/formalprision.com\/index.php?rest_route=\/wp\/v2\/posts"}],"about":[{"href":"https:\/\/formalprision.com\/index.php?rest_route=\/wp\/v2\/types\/post"}],"author":[{"embeddable":true,"href":"https:\/\/formalprision.com\/index.php?rest_route=\/wp\/v2\/users\/2"}],"replies":[{"embeddable":true,"href":"https:\/\/formalprision.com\/index.php?rest_route=%2Fwp%2Fv2%2Fcomments&post=135250"}],"version-history":[{"count":1,"href":"https:\/\/formalprision.com\/index.php?rest_route=\/wp\/v2\/posts\/135250\/revisions"}],"predecessor-version":[{"id":135251,"href":"https:\/\/formalprision.com\/index.php?rest_route=\/wp\/v2\/posts\/135250\/revisions\/135251"}],"wp:featuredmedia":[{"embeddable":true,"href":"https:\/\/formalprision.com\/index.php?rest_route=\/wp\/v2\/media\/135252"}],"wp:attachment":[{"href":"https:\/\/formalprision.com\/index.php?rest_route=%2Fwp%2Fv2%2Fmedia&parent=135250"}],"wp:term":[{"taxonomy":"category","embeddable":true,"href":"https:\/\/formalprision.com\/index.php?rest_route=%2Fwp%2Fv2%2Fcategories&post=135250"},{"taxonomy":"post_tag","embeddable":true,"href":"https:\/\/formalprision.com\/index.php?rest_route=%2Fwp%2Fv2%2Ftags&post=135250"}],"curies":[{"name":"wp","href":"https:\/\/api.w.org\/{rel}","templated":true}]}}