{"id":135270,"date":"2025-10-06T19:16:22","date_gmt":"2025-10-07T00:16:22","guid":{"rendered":"https:\/\/formalprision.com\/?p=135270"},"modified":"2025-10-06T19:16:22","modified_gmt":"2025-10-07T00:16:22","slug":"padres-de-familia-cierran-escuela-y-calle-en-acanceh-por-falta-de-luz-y-agua","status":"publish","type":"post","link":"https:\/\/formalprision.com\/?p=135270","title":{"rendered":"Padres de familia cierran escuela y calle en Acanceh por falta de luz y agua"},"content":{"rendered":"\n<p>En la comunidad de Canicab, municipio de Acanceh, padres y madres de familia de la escuela primaria Benito Ju\u00e1rez Garc\u00eda se manifestaron este lunes y decidieron cerrar las instalaciones del plantel y bloquear calles ante la falta de respuesta de las autoridades educativas.<\/p>\n\n\n\n<p>Los padres denunciaron que desde hace m\u00e1s de dos meses la escuela no cuenta con energ\u00eda el\u00e9ctrica, debido al robo de cableado, lo que ha afectado tambi\u00e9n el suministro de agua para el lavado de manos y el uso de los ba\u00f1os.<\/p>\n\n\n\n<p>Aseguran que los maestros ya realizaron gestiones ante la Secretar\u00eda de Educaci\u00f3n de Yucat\u00e1n (SEGEY), pero hasta ahora no se ha dado soluci\u00f3n al problema, lo que mantiene a los alumnos tomando clases en condiciones precarias.<\/p>\n\n\n\n<p>Autoridades municipales tambi\u00e9n han estado atentos a las necesidades de los padres de familia y han sostenido platicas con ellos, reforzando la seguridad en la comisar\u00eda y en espec\u00edfico en alrededores de la escuela. Padres de familia tambi\u00e9n han estado colaborando activamente con la vigilancia del sitio.<\/p>\n\n\n\n<p>Ante la falta de atenci\u00f3n del personal de la SEGEY, los padres de familia decidieron cerrar el plantel y las calles cercanas, exigiendo una pronta intervenci\u00f3n de las autoridades estatales para restablecer los servicios b\u00e1sicos y garantizar un entorno digno para los estudiantes.<\/p>\n","protected":false},"excerpt":{"rendered":"<p>En la comunidad de Canicab, municipio de Acanceh, padres y madres de familia de la escuela primaria Benito Ju\u00e1rez Garc\u00eda se manifestaron este lunes y decidieron cerrar las instalaciones del<\/p>\n","protected":false},"author":1,"featured_media":135271,"comment_status":"open","ping_status":"open","sticky":false,"template":"","format":"standard","meta":{"jetpack_post_was_ever_published":false,"_jetpack_newsletter_access":"","_jetpack_dont_email_post_to_subs":false,"_jetpack_newsletter_tier_id":0,"_jetpack_memberships_contains_paywalled_content":false,"_jetpack_memberships_contains_paid_content":false,"footnotes":"","jetpack_publicize_message":"","jetpack_publicize_feature_enabled":true,"jetpack_social_post_already_shared":true,"jetpack_social_options":{"image_generator_settings":{"template":"highway","default_image_id":0,"font":"","enabled":false},"version":2}},"categories":[54],"tags":[],"class_list":["post-135270","post","type-post","status-publish","format-standard","has-post-thumbnail","hentry","category-yucatan"],"jetpack_publicize_connections":[],"jetpack_featured_media_url":"https:\/\/formalprision.com\/wp-content\/uploads\/2025\/10\/IMG-20251006-WA0085.jpg","jetpack_sharing_enabled":true,"jetpack_shortlink":"https:\/\/wp.me\/p6id8p-zbM","_links":{"self":[{"href":"https:\/\/formalprision.com\/index.php?rest_route=\/wp\/v2\/posts\/135270","targetHints":{"allow":["GET"]}}],"collection":[{"href":"https:\/\/formalprision.com\/index.php?rest_route=\/wp\/v2\/posts"}],"about":[{"href":"https:\/\/formalprision.com\/index.php?rest_route=\/wp\/v2\/types\/post"}],"author":[{"embeddable":true,"href":"https:\/\/formalprision.com\/index.php?rest_route=\/wp\/v2\/users\/1"}],"replies":[{"embeddable":true,"href":"https:\/\/formalprision.com\/index.php?rest_route=%2Fwp%2Fv2%2Fcomments&post=135270"}],"version-history":[{"count":1,"href":"https:\/\/formalprision.com\/index.php?rest_route=\/wp\/v2\/posts\/135270\/revisions"}],"predecessor-version":[{"id":135272,"href":"https:\/\/formalprision.com\/index.php?rest_route=\/wp\/v2\/posts\/135270\/revisions\/135272"}],"wp:featuredmedia":[{"embeddable":true,"href":"https:\/\/formalprision.com\/index.php?rest_route=\/wp\/v2\/media\/135271"}],"wp:attachment":[{"href":"https:\/\/formalprision.com\/index.php?rest_route=%2Fwp%2Fv2%2Fmedia&parent=135270"}],"wp:term":[{"taxonomy":"category","embeddable":true,"href":"https:\/\/formalprision.com\/index.php?rest_route=%2Fwp%2Fv2%2Fcategories&post=135270"},{"taxonomy":"post_tag","embeddable":true,"href":"https:\/\/formalprision.com\/index.php?rest_route=%2Fwp%2Fv2%2Ftags&post=135270"}],"curies":[{"name":"wp","href":"https:\/\/api.w.org\/{rel}","templated":true}]}}