{"id":135309,"date":"2025-10-07T20:06:49","date_gmt":"2025-10-08T01:06:49","guid":{"rendered":"https:\/\/formalprision.com\/?p=135309"},"modified":"2025-10-07T20:06:49","modified_gmt":"2025-10-08T01:06:49","slug":"jovenes-compositores-estrenaran-obras-en-concierto-de-la-orquesta-infantil-y-juvenil-del-ayuntamiento-de-merida","status":"publish","type":"post","link":"https:\/\/formalprision.com\/?p=135309","title":{"rendered":"J\u00f3venes compositores estrenar\u00e1n obras en concierto de la Orquesta Infantil y Juvenil del Ayuntamiento de M\u00e9rida"},"content":{"rendered":"\n<p>M\u00c9RIDA, Yucat\u00e1n.- La Orquesta Infantil y Juvenil del Ayuntamiento de M\u00e9rida prepara su pr\u00f3ximo concierto: \u201cM\u00fasica de j\u00f3venes compositores yucatecos\u201d, que se estrenar\u00e1 el s\u00e1bado 11 de octubre, con un programa que incluye, en su mayor\u00eda, piezas compuestas por mujeres j\u00f3venes.<\/p>\n\n\n\n<p>El concierto, que ser\u00e1 a las 7 de la noche, en el Palacio de la M\u00fasica y con acceso libre para toda la familia, reunir\u00e1 a unos 60 artistas, entre los integrantes de la orquesta, a los que se sumar\u00e1n el Coro y la Rondalla del Centro Municipal de M\u00fasica, destacando el talento que nace en casa, la colaboraci\u00f3n interinstitucional y la apuesta por procesos formativos que abarcan creaci\u00f3n, interpretaci\u00f3n y producci\u00f3n internacional.<\/p>\n\n\n\n<p>En un encuentro con medios de comunicaci\u00f3n, el maestro David Silva Monje, director de la Orquesta Infantil y Juvenil, destac\u00f3 que el concierto ofrecer\u00e1 obras de estreno, de diferentes tem\u00e1ticas y ritmos, de j\u00f3venes compositores del Instituto de Artes y Tecnolog\u00eda Musical (IATM), que ya demuestran dominio de una nueva generaci\u00f3n de estudiantes de audio y producci\u00f3n.<\/p>\n\n\n\n<p>Estos j\u00f3venes, cuyas edades van de los 14 a 25 a\u00f1os, tambi\u00e9n se encargar\u00e1n de mezclar y masterizar el audio de los temas del concierto para su posterior difusi\u00f3n a trav\u00e9s de plataformas digitales, como Spotify y Youtube, a fin de que esta creaci\u00f3n colectiva al lado de la orquesta se convierta en patrimonio sonoro disponible para todos.<\/p>\n\n\n\n<p>Entre las compositoras emergentes est\u00e1 Julia Zer\u00f3n, de 14 a\u00f1os, que participar\u00e1 con sus obras \u201cImpetus\u201d (para ensamble de cuerdas y piano solista) que refleja la fuerza interior que tienen todas las personas, y \u201cOne emotion\u201d (para piano, arpa y orquesta), una canci\u00f3n melanc\u00f3lica que compuso cuando ten\u00eda nueve a\u00f1os de edad.<\/p>\n\n\n\n<p>Mar\u00eda Virgilio (violinista, arpista y cantante) combina el talento vocal e instrumental en sus composiciones. Participar\u00e1 con un estreno interpretando \u201cXaman Ek\u201d, una jarana orquestal inspirada en la cultura maya, una pieza que honra a la estrella del norte, s\u00edmbolo de paz y benevolencia.<\/p>\n\n\n\n<p>Raquel Barrera (Raki), una cantante destacada en la escuela musical local cuyo estilo fusiona g\u00e9neros tradicionales con matices contempor\u00e1neos, interpretar\u00e1 \u201cConmigo\u201d, un estreno acompa\u00f1ada de la orquesta. Se trata de un tema que invita al autodescubrimiento y la introspecci\u00f3n.<\/p>\n\n\n\n<p>Un estreno instrumental m\u00e1s ser\u00e1 \u201cStraight to Limbo\u201d, tema que mezcla rock y el sonido del funk metal, expres\u00f3 su creador Didier Guti\u00e9rrez.<\/p>\n\n\n\n<p>El programa del concierto y temas de estrenos se complementa con los temas \u201cPalabra vac\u00eda\u201d de Andr\u00e9s Dur\u00e1n; \u201cRoto\u201d de Juli\u00e1n Coll\u00ed; \u201c24 Siempre\u201d de Wendy Cabrera; \u201cRefugio interior\u201d de Samantha Hevia y \u201cEn tu reflejo\u201d, de Andrea Poot y Jorge Al\u00ed.<\/p>\n\n\n\n<p>La orquesta, acompa\u00f1ada del Coro y la Rondalla del Centro Municipal de M\u00fasica, dirigidos por Annie Fer Poot y Adonay Mayer, respectivamente, cerrar\u00e1n el programa con la interpretaci\u00f3n de \u201cPeregrina\u201d (de Ricardo Palmer\u00edn y Luis Rosado).<\/p>\n\n\n\n<p>Karla Berr\u00f3n C\u00e1mara, directora de Identidad y Cultura, destac\u00f3 como la m\u00fasica yucateca est\u00e1 encontrando nuevas rutas en manos de una generaci\u00f3n m\u00e1s joven que escribe desde la frescura, la disciplina y el amor por sus ra\u00edces.<\/p>\n\n\n\n<p>Record\u00f3 que el Ayuntamiento de M\u00e9rida que encabeza Cecilia Patr\u00f3n Lavada se ha distinguido por apoyar al talento local y ahora se realiza desde los proyectos del conjunto municipal.<\/p>\n\n\n\n<p>Destac\u00f3 igualmente el progreso y crecimiento que han tenido los integrantes de la Orquesta Infantil y Juvenil que ahora se presentar\u00e1n al lado de nuevos talentos de la composici\u00f3n que hoy encuentran espacio y eco.<\/p>\n\n\n\n<p>Jorge Ali, maestro de Orquestaci\u00f3n de los Compositores del Instituto de Artes y Tecnolog\u00eda Musical (IATM), agradeci\u00f3 este tipo de colaboraci\u00f3n que reflejan la dedicaci\u00f3n juvenil en el campo de la orquestaci\u00f3n y producci\u00f3n.<\/p>\n\n\n\n<p>El concierto \u201cM\u00fasica de j\u00f3venes compositores yucatecos\u201d forma parte de la programaci\u00f3n de la Temporada Olimpo 2025.<\/p>\n","protected":false},"excerpt":{"rendered":"<p>M\u00c9RIDA, Yucat\u00e1n.- La Orquesta Infantil y Juvenil del Ayuntamiento de M\u00e9rida prepara su pr\u00f3ximo concierto: \u201cM\u00fasica de j\u00f3venes compositores yucatecos\u201d, que se estrenar\u00e1 el s\u00e1bado 11 de octubre, con un<\/p>\n","protected":false},"author":2,"featured_media":135312,"comment_status":"open","ping_status":"open","sticky":false,"template":"","format":"standard","meta":{"jetpack_post_was_ever_published":false,"_jetpack_newsletter_access":"","_jetpack_dont_email_post_to_subs":false,"_jetpack_newsletter_tier_id":0,"_jetpack_memberships_contains_paywalled_content":false,"_jetpack_memberships_contains_paid_content":false,"footnotes":"","jetpack_publicize_message":"","jetpack_publicize_feature_enabled":true,"jetpack_social_post_already_shared":true,"jetpack_social_options":{"image_generator_settings":{"template":"highway","default_image_id":0,"font":"","enabled":false},"version":2}},"categories":[14],"tags":[],"class_list":["post-135309","post","type-post","status-publish","format-standard","has-post-thumbnail","hentry","category-merida"],"jetpack_publicize_connections":[],"jetpack_featured_media_url":"https:\/\/formalprision.com\/wp-content\/uploads\/2025\/10\/WhatsApp-Image-2025-10-07-at-6.51.35-PM.jpeg","jetpack_sharing_enabled":true,"jetpack_shortlink":"https:\/\/wp.me\/p6id8p-zcp","_links":{"self":[{"href":"https:\/\/formalprision.com\/index.php?rest_route=\/wp\/v2\/posts\/135309","targetHints":{"allow":["GET"]}}],"collection":[{"href":"https:\/\/formalprision.com\/index.php?rest_route=\/wp\/v2\/posts"}],"about":[{"href":"https:\/\/formalprision.com\/index.php?rest_route=\/wp\/v2\/types\/post"}],"author":[{"embeddable":true,"href":"https:\/\/formalprision.com\/index.php?rest_route=\/wp\/v2\/users\/2"}],"replies":[{"embeddable":true,"href":"https:\/\/formalprision.com\/index.php?rest_route=%2Fwp%2Fv2%2Fcomments&post=135309"}],"version-history":[{"count":1,"href":"https:\/\/formalprision.com\/index.php?rest_route=\/wp\/v2\/posts\/135309\/revisions"}],"predecessor-version":[{"id":135310,"href":"https:\/\/formalprision.com\/index.php?rest_route=\/wp\/v2\/posts\/135309\/revisions\/135310"}],"wp:featuredmedia":[{"embeddable":true,"href":"https:\/\/formalprision.com\/index.php?rest_route=\/wp\/v2\/media\/135312"}],"wp:attachment":[{"href":"https:\/\/formalprision.com\/index.php?rest_route=%2Fwp%2Fv2%2Fmedia&parent=135309"}],"wp:term":[{"taxonomy":"category","embeddable":true,"href":"https:\/\/formalprision.com\/index.php?rest_route=%2Fwp%2Fv2%2Fcategories&post=135309"},{"taxonomy":"post_tag","embeddable":true,"href":"https:\/\/formalprision.com\/index.php?rest_route=%2Fwp%2Fv2%2Ftags&post=135309"}],"curies":[{"name":"wp","href":"https:\/\/api.w.org\/{rel}","templated":true}]}}