{"id":135316,"date":"2025-10-07T22:43:39","date_gmt":"2025-10-08T03:43:39","guid":{"rendered":"https:\/\/formalprision.com\/?p=135316"},"modified":"2025-10-10T10:28:06","modified_gmt":"2025-10-10T15:28:06","slug":"la-veronica-el-canibal-de-la-lazaro-cardenas-en-merida","status":"publish","type":"post","link":"https:\/\/formalprision.com\/?p=135316","title":{"rendered":"Conoce la historia de El Can\u00edbal de la L\u00e1zaro C\u00e1rdenas, en M\u00e9rida"},"content":{"rendered":"\n<p>M\u00c9RIDA, Yucat\u00e1n.- En las cr\u00f3nicas negras de la ciudad, su nombre qued\u00f3 marcado con fuego: Jos\u00e9 Enrique Medina Arjona, apodado \u201cLa Ver\u00f3nica\u201d, tambi\u00e9n conocido como \u201cEl Can\u00edbal de la L\u00e1zaro C\u00e1rdenas\u201d.<\/p>\n\n\n\n<p>Fr\u00edo. Calculador. As\u00ed lo describieron los agentes judiciales que lo interrogaron hace casi dos d\u00e9cadas. A pesar de su baja estatura y complexi\u00f3n delgada, intimidaba con una sola mirada burlona, cargada de iron\u00eda.<\/p>\n\n\n\n<p>Su historia estremeci\u00f3 a M\u00e9rida all\u00e1 por 2007. Tras atraer a su v\u00edctima en un salon de baile con la promesa de sexo a cambio de dinero, lo llev\u00f3 a su casa en la colonia L\u00e1zaro C\u00e1rdenas. Ah\u00ed, lo drog\u00f3 con somn\u00edferos, lo asesin\u00f3 y descuartiz\u00f3 con sa\u00f1a.<\/p>\n\n\n\n<p>Algunos \u00f3rganos los conserv\u00f3 en un refrigerador, pues ya se hab\u00eda comido una parte y el resto termin\u00f3 en un sumidero en el patio.<\/p>\n\n\n\n<p>Fue detenido en 2007, y se cree que mat\u00f3 por lo menos al a dos hombres, aunque fue juzgado por solo un crimen. En los interrogatorios confes\u00f3 los hechos, aunque intent\u00f3 alegar desequilibrio mental. Ante la juez Leticia Cob\u00e1 Maga\u00f1a, su verdadera personalidad emergi\u00f3 cuando, con la voz firme y sin titubeos, declar\u00f3:<\/p>\n\n\n\n<p>\u201cS\u00ed, s\u00ed lo hice, porque pens\u00e9 que me iba a matar si lo dejaba vivo\u201d.<\/p>\n\n\n\n<p>La prensa lo retrat\u00f3 como un asesino retador: miraba desafiante a reporteros y agentes, jugando con el silencio y el sarcasmo. Sus cr\u00edmenes, calificados como uno de los episodios m\u00e1s oscuros en la historia criminal de Yucat\u00e1n, lo llevaron a una condena de 40 a\u00f1os de prisi\u00f3n.<\/p>\n\n\n\n<p>Si nada cambia, en 2048 saldr\u00e1 libre. Tendr\u00e1 76 a\u00f1os.<\/p>\n","protected":false},"excerpt":{"rendered":"<p>M\u00c9RIDA, Yucat\u00e1n.- En las cr\u00f3nicas negras de la ciudad, su nombre qued\u00f3 marcado con fuego: Jos\u00e9 Enrique Medina Arjona, apodado \u201cLa Ver\u00f3nica\u201d, tambi\u00e9n conocido como \u201cEl Can\u00edbal de la L\u00e1zaro<\/p>\n","protected":false},"author":2,"featured_media":135319,"comment_status":"open","ping_status":"open","sticky":false,"template":"","format":"standard","meta":{"jetpack_post_was_ever_published":false,"_jetpack_newsletter_access":"","_jetpack_dont_email_post_to_subs":false,"_jetpack_newsletter_tier_id":0,"_jetpack_memberships_contains_paywalled_content":false,"_jetpack_memberships_contains_paid_content":false,"footnotes":"","jetpack_publicize_message":"","jetpack_publicize_feature_enabled":true,"jetpack_social_post_already_shared":true,"jetpack_social_options":{"image_generator_settings":{"template":"highway","default_image_id":0,"font":"","enabled":false},"version":2}},"categories":[14],"tags":[],"class_list":["post-135316","post","type-post","status-publish","format-standard","has-post-thumbnail","hentry","category-merida"],"jetpack_publicize_connections":[],"jetpack_featured_media_url":"https:\/\/formalprision.com\/wp-content\/uploads\/2025\/10\/vero.jpg","jetpack_sharing_enabled":true,"jetpack_shortlink":"https:\/\/wp.me\/p6id8p-zcw","_links":{"self":[{"href":"https:\/\/formalprision.com\/index.php?rest_route=\/wp\/v2\/posts\/135316","targetHints":{"allow":["GET"]}}],"collection":[{"href":"https:\/\/formalprision.com\/index.php?rest_route=\/wp\/v2\/posts"}],"about":[{"href":"https:\/\/formalprision.com\/index.php?rest_route=\/wp\/v2\/types\/post"}],"author":[{"embeddable":true,"href":"https:\/\/formalprision.com\/index.php?rest_route=\/wp\/v2\/users\/2"}],"replies":[{"embeddable":true,"href":"https:\/\/formalprision.com\/index.php?rest_route=%2Fwp%2Fv2%2Fcomments&post=135316"}],"version-history":[{"count":5,"href":"https:\/\/formalprision.com\/index.php?rest_route=\/wp\/v2\/posts\/135316\/revisions"}],"predecessor-version":[{"id":135351,"href":"https:\/\/formalprision.com\/index.php?rest_route=\/wp\/v2\/posts\/135316\/revisions\/135351"}],"wp:featuredmedia":[{"embeddable":true,"href":"https:\/\/formalprision.com\/index.php?rest_route=\/wp\/v2\/media\/135319"}],"wp:attachment":[{"href":"https:\/\/formalprision.com\/index.php?rest_route=%2Fwp%2Fv2%2Fmedia&parent=135316"}],"wp:term":[{"taxonomy":"category","embeddable":true,"href":"https:\/\/formalprision.com\/index.php?rest_route=%2Fwp%2Fv2%2Fcategories&post=135316"},{"taxonomy":"post_tag","embeddable":true,"href":"https:\/\/formalprision.com\/index.php?rest_route=%2Fwp%2Fv2%2Ftags&post=135316"}],"curies":[{"name":"wp","href":"https:\/\/api.w.org\/{rel}","templated":true}]}}