{"id":135355,"date":"2025-10-08T22:41:35","date_gmt":"2025-10-09T03:41:35","guid":{"rendered":"https:\/\/formalprision.com\/?p=135355"},"modified":"2025-10-10T10:26:35","modified_gmt":"2025-10-10T15:26:35","slug":"milei-canta-con-la-banda-presidencial-en-medio-de-complejo-panorama-economico-y-politico","status":"publish","type":"post","link":"https:\/\/formalprision.com\/?p=135355","title":{"rendered":"Milei canta con la &#8216;Banda Presidencial&#8217; en medio de complejo panorama econ\u00f3mico y pol\u00edtico"},"content":{"rendered":"\n<p>Dominado por la euforia, el presidente argentino, Javier Milei, ofreci\u00f3 un concierto de rock en Buenos Aires, junto a sus allegados y una gran cantidad de p\u00fablico joven, mientras su Gobierno y su partido enfrentan un complejo escenario pol\u00edtico y econ\u00f3mico en la antesala de los comicios legislativos del pr\u00f3ximo 26 de octubre.<\/p>\n\n\n\n<p>El espect\u00e1culo, en el que interpretaron temas de artistas conocidos, fue previo a la presentaci\u00f3n de un libro escrito por Milei titulado \u2018La Construcci\u00f3n del Milagro\u2019, en el Movistar Arena, un conocido espacio de la capital argentina que acoge a importantes artistas locales e internacionales.<\/p>\n\n\n\n<p>Vestido enteramente de negro y con una chamarra de cuero, Milei ingres\u00f3 al estadio como una estrella de rock y camin\u00f3 entre una multitud que se amontonaba sobre \u00e9l.<\/p>\n\n\n\n<p>Apenas subi\u00f3 al estrado, comenz\u00f3 el show con una versi\u00f3n modificada de la canci\u00f3n \u2018Panic Show\u2019 del grupo La Renga, que se ha convertido pr\u00e1cticamente en un himno del presidente y sus seguidores.<\/p>\n\n\n\n<p>\u201cHola a todos, yo soy el le\u00f3n\u201d y \u201csoy el rey y te destrozar\u00e9, toda la casta es de mi apetito\u201c, cant\u00f3 Milei, mientras saltaba y bailaba sin parar.<\/p>\n\n\n\n<p>El repertorio del mandatario, que cant\u00f3 desaforado durante casi una hora, incluy\u00f3 \u2018Demoliendo Hoteles\u2019, de Charly Garc\u00eda; \u2018Rock del Gato\u2019, de Ratones Paranoicos; y \u2018Blues del Equipaje\u2019, de La Mississipi.<\/p>\n\n\n\n<p>Entre canci\u00f3n y canci\u00f3n, Milei interactu\u00f3 con el p\u00fablico, que coreaba frases como \u201cMilei, querido, el pueblo est\u00e1 contigo\u201d, \u201cpresidente, presidente\u201d o \u201clibertad, libertad\u201d.<\/p>\n\n\n\n<p>El espect\u00e1culo cont\u00f3 con varios m\u00fasicos, entre los que destacaron pol\u00edticos y allegados al presidente, como los diputados Lilia Lemoine y Alberto Benegas Lynch, el candidato a senador Joaqu\u00edn Benegas Lynch y el bi\u00f3grafo del presidente, Marcelo Duclos.<\/p>\n\n\n\n<p>El show de Milei, que fue retransmitido por Youtube, continu\u00f3 con las canciones \u2018No me arrepiento de este amor\u2019 y \u2018Dame Fuego\u2019, de Ataque 77, y \u2018Libre\u2019, de Nino Bravo. Incluy\u00f3, adem\u00e1s, mensajes electorales musicalizados, tanto en favor de su partido como en contra de la oposici\u00f3n peronista y espec\u00edficamente contra la expresidenta Cristina Fern\u00e1ndez (2007-2015).<\/p>\n\n\n\n<p>El mandatario se tom\u00f3 adem\u00e1s unos minutos para rendir homenaje a las v\u00edctimas del ataque del grupo islamista palestino Ham\u00e1s en territorio de Israel el 7 de octubre de 2023 y pedir por la liberaci\u00f3n de los rehenes cautivos en Gaza, incluidos tres argentinos y los restos de un cuarto, ya fallecido.<\/p>\n\n\n\n<p>\u201cIsrael es el basti\u00f3n de Occidente y por eso los terroristas y la izquierda parad\u00f3jicamente est\u00e1n juntos porque saben que rompiendo Israel destruyen el mundo occidental basado en la cultura judeo-cristiana\u201d, mencion\u00f3, y alert\u00f3 sobre una \u201cola de antisemitismo\u201d en el mundo.<\/p>\n","protected":false},"excerpt":{"rendered":"<p>Dominado por la euforia, el presidente argentino, Javier Milei, ofreci\u00f3 un concierto de rock en Buenos Aires, junto a sus allegados y una gran cantidad de p\u00fablico joven, mientras su<\/p>\n","protected":false},"author":2,"featured_media":135357,"comment_status":"open","ping_status":"open","sticky":false,"template":"","format":"standard","meta":{"jetpack_post_was_ever_published":false,"_jetpack_newsletter_access":"","_jetpack_dont_email_post_to_subs":false,"_jetpack_newsletter_tier_id":0,"_jetpack_memberships_contains_paywalled_content":false,"_jetpack_memberships_contains_paid_content":false,"footnotes":"","jetpack_publicize_message":"","jetpack_publicize_feature_enabled":true,"jetpack_social_post_already_shared":true,"jetpack_social_options":{"image_generator_settings":{"template":"highway","default_image_id":0,"font":"","enabled":false},"version":2}},"categories":[23,1],"tags":[],"class_list":["post-135355","post","type-post","status-publish","format-standard","has-post-thumbnail","hentry","category-del-mundo","category-sin-categoria"],"jetpack_publicize_connections":[],"jetpack_featured_media_url":"https:\/\/formalprision.com\/wp-content\/uploads\/2025\/10\/milei.jpg","jetpack_sharing_enabled":true,"jetpack_shortlink":"https:\/\/wp.me\/p6id8p-zd9","_links":{"self":[{"href":"https:\/\/formalprision.com\/index.php?rest_route=\/wp\/v2\/posts\/135355","targetHints":{"allow":["GET"]}}],"collection":[{"href":"https:\/\/formalprision.com\/index.php?rest_route=\/wp\/v2\/posts"}],"about":[{"href":"https:\/\/formalprision.com\/index.php?rest_route=\/wp\/v2\/types\/post"}],"author":[{"embeddable":true,"href":"https:\/\/formalprision.com\/index.php?rest_route=\/wp\/v2\/users\/2"}],"replies":[{"embeddable":true,"href":"https:\/\/formalprision.com\/index.php?rest_route=%2Fwp%2Fv2%2Fcomments&post=135355"}],"version-history":[{"count":1,"href":"https:\/\/formalprision.com\/index.php?rest_route=\/wp\/v2\/posts\/135355\/revisions"}],"predecessor-version":[{"id":135356,"href":"https:\/\/formalprision.com\/index.php?rest_route=\/wp\/v2\/posts\/135355\/revisions\/135356"}],"wp:featuredmedia":[{"embeddable":true,"href":"https:\/\/formalprision.com\/index.php?rest_route=\/wp\/v2\/media\/135357"}],"wp:attachment":[{"href":"https:\/\/formalprision.com\/index.php?rest_route=%2Fwp%2Fv2%2Fmedia&parent=135355"}],"wp:term":[{"taxonomy":"category","embeddable":true,"href":"https:\/\/formalprision.com\/index.php?rest_route=%2Fwp%2Fv2%2Fcategories&post=135355"},{"taxonomy":"post_tag","embeddable":true,"href":"https:\/\/formalprision.com\/index.php?rest_route=%2Fwp%2Fv2%2Ftags&post=135355"}],"curies":[{"name":"wp","href":"https:\/\/api.w.org\/{rel}","templated":true}]}}