{"id":135438,"date":"2025-10-12T22:07:08","date_gmt":"2025-10-13T03:07:08","guid":{"rendered":"https:\/\/formalprision.com\/?p=135438"},"modified":"2025-10-14T08:30:08","modified_gmt":"2025-10-14T13:30:08","slug":"derriban-escultura-del-boxeador-inaugurada-hace-23-anos","status":"publish","type":"post","link":"https:\/\/formalprision.com\/?p=135438","title":{"rendered":"Derriban escultura del boxeador inaugurada hace 23 a\u00f1os"},"content":{"rendered":"\n<p>Sorpresa y tristeza caus\u00f3 entre deportistas y vecinos la ca\u00edda del monumento al boxeador que por m\u00e1s de dos d\u00e9cadas adorn\u00f3 la explanada del Gimnasio Polifuncional de M\u00e9rida.<\/p>\n\n\n\n<p>La escultura, inaugurada en 2002, fue hallada en el suelo con los brazos desprendidos y solo los pies firmes en la base.<\/p>\n\n\n\n<p>Hasta el momento no se ha confirmado si el da\u00f1o fue resultado de vandalismo o de un accidente, y se espera que las autoridades deportivas estatales informen sobre su restauraci\u00f3n.<\/p>\n","protected":false},"excerpt":{"rendered":"<p>Sorpresa y tristeza caus\u00f3 entre deportistas y vecinos la ca\u00edda del monumento al boxeador que por m\u00e1s de dos d\u00e9cadas adorn\u00f3 la explanada del Gimnasio Polifuncional de M\u00e9rida. La escultura,<\/p>\n","protected":false},"author":2,"featured_media":135440,"comment_status":"open","ping_status":"open","sticky":false,"template":"","format":"standard","meta":{"jetpack_post_was_ever_published":false,"_jetpack_newsletter_access":"","_jetpack_dont_email_post_to_subs":false,"_jetpack_newsletter_tier_id":0,"_jetpack_memberships_contains_paywalled_content":false,"_jetpack_memberships_contains_paid_content":false,"footnotes":"","jetpack_publicize_message":"","jetpack_publicize_feature_enabled":true,"jetpack_social_post_already_shared":true,"jetpack_social_options":{"image_generator_settings":{"template":"highway","default_image_id":0,"font":"","enabled":false},"version":2}},"categories":[14],"tags":[],"class_list":["post-135438","post","type-post","status-publish","format-standard","has-post-thumbnail","hentry","category-merida"],"jetpack_publicize_connections":[],"jetpack_featured_media_url":"https:\/\/formalprision.com\/wp-content\/uploads\/2025\/10\/boxeador.jpg","jetpack_sharing_enabled":true,"jetpack_shortlink":"https:\/\/wp.me\/p6id8p-zeu","_links":{"self":[{"href":"https:\/\/formalprision.com\/index.php?rest_route=\/wp\/v2\/posts\/135438","targetHints":{"allow":["GET"]}}],"collection":[{"href":"https:\/\/formalprision.com\/index.php?rest_route=\/wp\/v2\/posts"}],"about":[{"href":"https:\/\/formalprision.com\/index.php?rest_route=\/wp\/v2\/types\/post"}],"author":[{"embeddable":true,"href":"https:\/\/formalprision.com\/index.php?rest_route=\/wp\/v2\/users\/2"}],"replies":[{"embeddable":true,"href":"https:\/\/formalprision.com\/index.php?rest_route=%2Fwp%2Fv2%2Fcomments&post=135438"}],"version-history":[{"count":2,"href":"https:\/\/formalprision.com\/index.php?rest_route=\/wp\/v2\/posts\/135438\/revisions"}],"predecessor-version":[{"id":135441,"href":"https:\/\/formalprision.com\/index.php?rest_route=\/wp\/v2\/posts\/135438\/revisions\/135441"}],"wp:featuredmedia":[{"embeddable":true,"href":"https:\/\/formalprision.com\/index.php?rest_route=\/wp\/v2\/media\/135440"}],"wp:attachment":[{"href":"https:\/\/formalprision.com\/index.php?rest_route=%2Fwp%2Fv2%2Fmedia&parent=135438"}],"wp:term":[{"taxonomy":"category","embeddable":true,"href":"https:\/\/formalprision.com\/index.php?rest_route=%2Fwp%2Fv2%2Fcategories&post=135438"},{"taxonomy":"post_tag","embeddable":true,"href":"https:\/\/formalprision.com\/index.php?rest_route=%2Fwp%2Fv2%2Ftags&post=135438"}],"curies":[{"name":"wp","href":"https:\/\/api.w.org\/{rel}","templated":true}]}}