{"id":135499,"date":"2025-10-15T17:37:06","date_gmt":"2025-10-15T22:37:06","guid":{"rendered":"https:\/\/formalprision.com\/?p=135499"},"modified":"2025-10-16T05:49:20","modified_gmt":"2025-10-16T10:49:20","slug":"denuncian-a-pepa-el-mataperros-de-la-central-de-abasto-de-merida-2","status":"publish","type":"post","link":"https:\/\/formalprision.com\/?p=135499","title":{"rendered":"Denuncian a \u00abPepa\u00bb, el mataperros de la Central de Abasto de M\u00e9rida"},"content":{"rendered":"\n<p>M\u00c9RIDA, Yucat\u00e1n.- En atenci\u00f3n a un reporte ciudadano el Ayuntamiento de M\u00e9rida informa que en coordinaci\u00f3n con la Secretar\u00eda de Seguridad P\u00fablica se detuvo en flagrancia a Jos\u00e9 \u00abN\u00bb alias \u00abPepa\u00bb, cometiendo un caso de crueldad animal en las inmediaciones de la Central de Abasto de M\u00e9rida.<\/p>\n\n\n\n<p>El Ayuntamiento de M\u00e9rida reprueba este tipo de conductas que atentan contra el bienestar animal y la paz social de nuestra ciudad, y que hoy en d\u00eda est\u00e1n penadas por la ley federal y estatal de Yucat\u00e1n, as\u00ed como en la normativa municipal.<\/p>\n\n\n\n<p>La Central de Abasto de M\u00e9rida interpuso la denuncia pertinente para el seguimiento a esta situaci\u00f3n ante las autoridades competentes.<\/p>\n\n\n\n<p>Estamos trabajando para prevenir y evitar este tipo de acciones, siendo part\u00edcipes de la concientizaci\u00f3n, atenci\u00f3n y respuesta de casos de jurisdicci\u00f3n municipal y reforzando el apoyo a situaciones de competencia estatal.&nbsp;<\/p>\n\n\n\n<p>Se recuerda que para cualquier denuncia de maltrato animal en M\u00e9rida, puedes contactar a la Unidad de Protecci\u00f3n Animal (UPA) a trav\u00e9s de los n\u00fameros de Ayuntatel: 070 o (999) 924 4000, y si la situaci\u00f3n es de crueldad animal como el envenenamiento, llamar al 911.<\/p>\n","protected":false},"excerpt":{"rendered":"<p>M\u00c9RIDA, Yucat\u00e1n.- En atenci\u00f3n a un reporte ciudadano el Ayuntamiento de M\u00e9rida informa que en coordinaci\u00f3n con la Secretar\u00eda de Seguridad P\u00fablica se detuvo en flagrancia a Jos\u00e9 \u00abN\u00bb alias<\/p>\n","protected":false},"author":2,"featured_media":135498,"comment_status":"open","ping_status":"open","sticky":false,"template":"","format":"standard","meta":{"jetpack_post_was_ever_published":false,"_jetpack_newsletter_access":"","_jetpack_dont_email_post_to_subs":false,"_jetpack_newsletter_tier_id":0,"_jetpack_memberships_contains_paywalled_content":false,"_jetpack_memberships_contains_paid_content":false,"footnotes":"","jetpack_publicize_message":"","jetpack_publicize_feature_enabled":true,"jetpack_social_post_already_shared":true,"jetpack_social_options":{"image_generator_settings":{"template":"highway","default_image_id":0,"font":"","enabled":false},"version":2}},"categories":[14],"tags":[],"class_list":["post-135499","post","type-post","status-publish","format-standard","has-post-thumbnail","hentry","category-merida"],"jetpack_publicize_connections":[],"jetpack_featured_media_url":"https:\/\/formalprision.com\/wp-content\/uploads\/2025\/10\/WhatsApp-Image-2025-10-15-at-3.36.36-PM.jpeg","jetpack_sharing_enabled":true,"jetpack_shortlink":"https:\/\/wp.me\/p6id8p-zft","_links":{"self":[{"href":"https:\/\/formalprision.com\/index.php?rest_route=\/wp\/v2\/posts\/135499","targetHints":{"allow":["GET"]}}],"collection":[{"href":"https:\/\/formalprision.com\/index.php?rest_route=\/wp\/v2\/posts"}],"about":[{"href":"https:\/\/formalprision.com\/index.php?rest_route=\/wp\/v2\/types\/post"}],"author":[{"embeddable":true,"href":"https:\/\/formalprision.com\/index.php?rest_route=\/wp\/v2\/users\/2"}],"replies":[{"embeddable":true,"href":"https:\/\/formalprision.com\/index.php?rest_route=%2Fwp%2Fv2%2Fcomments&post=135499"}],"version-history":[{"count":1,"href":"https:\/\/formalprision.com\/index.php?rest_route=\/wp\/v2\/posts\/135499\/revisions"}],"predecessor-version":[{"id":135500,"href":"https:\/\/formalprision.com\/index.php?rest_route=\/wp\/v2\/posts\/135499\/revisions\/135500"}],"wp:featuredmedia":[{"embeddable":true,"href":"https:\/\/formalprision.com\/index.php?rest_route=\/wp\/v2\/media\/135498"}],"wp:attachment":[{"href":"https:\/\/formalprision.com\/index.php?rest_route=%2Fwp%2Fv2%2Fmedia&parent=135499"}],"wp:term":[{"taxonomy":"category","embeddable":true,"href":"https:\/\/formalprision.com\/index.php?rest_route=%2Fwp%2Fv2%2Fcategories&post=135499"},{"taxonomy":"post_tag","embeddable":true,"href":"https:\/\/formalprision.com\/index.php?rest_route=%2Fwp%2Fv2%2Ftags&post=135499"}],"curies":[{"name":"wp","href":"https:\/\/api.w.org\/{rel}","templated":true}]}}