{"id":135508,"date":"2025-10-15T21:05:01","date_gmt":"2025-10-16T02:05:01","guid":{"rendered":"https:\/\/formalprision.com\/?p=135508"},"modified":"2025-10-17T07:36:28","modified_gmt":"2025-10-17T12:36:28","slug":"encuentro-de-meridanos-en-bruselas-cecilia-patron-se-reune-con-yucatecos-radicados-en-belgica","status":"publish","type":"post","link":"https:\/\/formalprision.com\/?p=135508","title":{"rendered":"Encuentro de meridanos en Bruselas: Cecilia Patr\u00f3n se re\u00fane con yucatecos radicados en B\u00e9lgica"},"content":{"rendered":"\n<p>M\u00c9RIDA, Yucat\u00e1n.- La presidenta municipal de M\u00e9rida, Cecilia Patr\u00f3n Laviada, tuvo un encuentro con Allen y Nayeli, meridanos que residen en Bruselas y que con su negocio de comida ponen en alto la cultura yucateca.<\/p>\n\n\n\n<p>Al cierre de la tercera jornada de participaci\u00f3n de la alcaldesa en la Semana Europea de las Regiones y Ciudades 2025, acept\u00f3 la invitaci\u00f3n que le hiciera la pareja mediante redes sociales a probar sus productos.<\/p>\n\n\n\n<p>Tambi\u00e9n salud\u00f3 a Emmanuel y Diana, familiares de los anfitriones, yucatecos de Tekit que est\u00e1n de visita.<\/p>\n\n\n\n<p>\u201cSiempre es grato saber que por todo el mundo hay meridanas y meridanos destacando y cumpliendo sue\u00f1os, como Allen y Nayeli\u201d, dijo la presidenta municipal, \u201cSon un orgullo y ejemplo para todos\u201d.<\/p>\n","protected":false},"excerpt":{"rendered":"<p>M\u00c9RIDA, Yucat\u00e1n.- La presidenta municipal de M\u00e9rida, Cecilia Patr\u00f3n Laviada, tuvo un encuentro con Allen y Nayeli, meridanos que residen en Bruselas y que con su negocio de comida ponen<\/p>\n","protected":false},"author":2,"featured_media":135510,"comment_status":"open","ping_status":"open","sticky":false,"template":"","format":"standard","meta":{"jetpack_post_was_ever_published":false,"_jetpack_newsletter_access":"","_jetpack_dont_email_post_to_subs":false,"_jetpack_newsletter_tier_id":0,"_jetpack_memberships_contains_paywalled_content":false,"_jetpack_memberships_contains_paid_content":false,"footnotes":"","jetpack_publicize_message":"","jetpack_publicize_feature_enabled":true,"jetpack_social_post_already_shared":true,"jetpack_social_options":{"image_generator_settings":{"template":"highway","default_image_id":0,"font":"","enabled":false},"version":2}},"categories":[14],"tags":[],"class_list":["post-135508","post","type-post","status-publish","format-standard","has-post-thumbnail","hentry","category-merida"],"jetpack_publicize_connections":[],"jetpack_featured_media_url":"https:\/\/formalprision.com\/wp-content\/uploads\/2025\/10\/WhatsApp-Image-2025-10-15-at-7.04.52-PM.jpeg","jetpack_sharing_enabled":true,"jetpack_shortlink":"https:\/\/wp.me\/p6id8p-zfC","_links":{"self":[{"href":"https:\/\/formalprision.com\/index.php?rest_route=\/wp\/v2\/posts\/135508","targetHints":{"allow":["GET"]}}],"collection":[{"href":"https:\/\/formalprision.com\/index.php?rest_route=\/wp\/v2\/posts"}],"about":[{"href":"https:\/\/formalprision.com\/index.php?rest_route=\/wp\/v2\/types\/post"}],"author":[{"embeddable":true,"href":"https:\/\/formalprision.com\/index.php?rest_route=\/wp\/v2\/users\/2"}],"replies":[{"embeddable":true,"href":"https:\/\/formalprision.com\/index.php?rest_route=%2Fwp%2Fv2%2Fcomments&post=135508"}],"version-history":[{"count":1,"href":"https:\/\/formalprision.com\/index.php?rest_route=\/wp\/v2\/posts\/135508\/revisions"}],"predecessor-version":[{"id":135509,"href":"https:\/\/formalprision.com\/index.php?rest_route=\/wp\/v2\/posts\/135508\/revisions\/135509"}],"wp:featuredmedia":[{"embeddable":true,"href":"https:\/\/formalprision.com\/index.php?rest_route=\/wp\/v2\/media\/135510"}],"wp:attachment":[{"href":"https:\/\/formalprision.com\/index.php?rest_route=%2Fwp%2Fv2%2Fmedia&parent=135508"}],"wp:term":[{"taxonomy":"category","embeddable":true,"href":"https:\/\/formalprision.com\/index.php?rest_route=%2Fwp%2Fv2%2Fcategories&post=135508"},{"taxonomy":"post_tag","embeddable":true,"href":"https:\/\/formalprision.com\/index.php?rest_route=%2Fwp%2Fv2%2Ftags&post=135508"}],"curies":[{"name":"wp","href":"https:\/\/api.w.org\/{rel}","templated":true}]}}