{"id":135518,"date":"2025-10-16T05:45:30","date_gmt":"2025-10-16T10:45:30","guid":{"rendered":"https:\/\/formalprision.com\/?p=135518"},"modified":"2025-10-16T05:45:30","modified_gmt":"2025-10-16T10:45:30","slug":"yucatan-avanza-hacia-un-futuro-libre-de-violencia-para-las-mujeres","status":"publish","type":"post","link":"https:\/\/formalprision.com\/?p=135518","title":{"rendered":"Yucat\u00e1n avanza hacia un futuro libre de violencia para las mujeres\u00a0"},"content":{"rendered":"\n<p>M\u00e9rida, Yucat\u00e1n, a 15 de octubre de 2025.-El gobernador Joaqu\u00edn D\u00edaz Mena encabez\u00f3 la inauguraci\u00f3n del Centro LIBRE M\u00e9rida III, fortaleciendo la red de apoyo y protecci\u00f3n para las mujeres de Yucat\u00e1n._<br>\u00a0<br>En la colonia El Roble Agr\u00edcola, al sur de M\u00e9rida, y en compa\u00f1\u00eda de la directora de Autonom\u00eda Econ\u00f3mica de la Secretar\u00eda de las Mujeres del Gobierno de M\u00e9xico, Mar\u00eda Teresa Cort\u00e9s Fiesco, el gobernador destac\u00f3 que con esta apertura se consolida un espacio donde cada mujer podr\u00e1 sentirse acompa\u00f1ada, escuchada y respaldada, gracias al trabajo de profesionales como psic\u00f3logas, abogadas, promotoras comunitarias, orientadoras en salud y especialistas en atenci\u00f3n integral.<br>\u00a0<br>Asimismo, a\u00f1adi\u00f3 que, con una inversi\u00f3n inicial de 30 millones de pesos, Yucat\u00e1n contar\u00e1 con 29 Centros LIBRE, espacios destinados a fortalecer los derechos de las mujeres con equipos integrados por especialistas en atenci\u00f3n psicol\u00f3gica, jur\u00eddica, comunitaria y de salud.\u00a0<\/p>\n\n\n\n<p>Se\u00f1al\u00f3 que los Centros LIBRE estar\u00e1n vinculados con programas estrat\u00e9gicos como Ko\u2019olel Salva, Mujeres sin Violencias, Aliados por la Vida y la L\u00ednea 079, garantizando as\u00ed una atenci\u00f3n integral, sensible y oportuna.<br>\u00a0<\/p>\n","protected":false},"excerpt":{"rendered":"<p>M\u00e9rida, Yucat\u00e1n, a 15 de octubre de 2025.-El gobernador Joaqu\u00edn D\u00edaz Mena encabez\u00f3 la inauguraci\u00f3n del Centro LIBRE M\u00e9rida III, fortaleciendo la red de apoyo y protecci\u00f3n para las mujeres<\/p>\n","protected":false},"author":1,"featured_media":135519,"comment_status":"open","ping_status":"open","sticky":false,"template":"","format":"standard","meta":{"jetpack_post_was_ever_published":false,"_jetpack_newsletter_access":"","_jetpack_dont_email_post_to_subs":false,"_jetpack_newsletter_tier_id":0,"_jetpack_memberships_contains_paywalled_content":false,"_jetpack_memberships_contains_paid_content":false,"footnotes":"","jetpack_publicize_message":"","jetpack_publicize_feature_enabled":true,"jetpack_social_post_already_shared":true,"jetpack_social_options":{"image_generator_settings":{"template":"highway","default_image_id":0,"font":"","enabled":false},"version":2}},"categories":[14],"tags":[],"class_list":["post-135518","post","type-post","status-publish","format-standard","has-post-thumbnail","hentry","category-merida"],"jetpack_publicize_connections":[],"jetpack_featured_media_url":"https:\/\/formalprision.com\/wp-content\/uploads\/2025\/10\/IMG-20251015-WA0126.jpg","jetpack_sharing_enabled":true,"jetpack_shortlink":"https:\/\/wp.me\/p6id8p-zfM","_links":{"self":[{"href":"https:\/\/formalprision.com\/index.php?rest_route=\/wp\/v2\/posts\/135518","targetHints":{"allow":["GET"]}}],"collection":[{"href":"https:\/\/formalprision.com\/index.php?rest_route=\/wp\/v2\/posts"}],"about":[{"href":"https:\/\/formalprision.com\/index.php?rest_route=\/wp\/v2\/types\/post"}],"author":[{"embeddable":true,"href":"https:\/\/formalprision.com\/index.php?rest_route=\/wp\/v2\/users\/1"}],"replies":[{"embeddable":true,"href":"https:\/\/formalprision.com\/index.php?rest_route=%2Fwp%2Fv2%2Fcomments&post=135518"}],"version-history":[{"count":1,"href":"https:\/\/formalprision.com\/index.php?rest_route=\/wp\/v2\/posts\/135518\/revisions"}],"predecessor-version":[{"id":135520,"href":"https:\/\/formalprision.com\/index.php?rest_route=\/wp\/v2\/posts\/135518\/revisions\/135520"}],"wp:featuredmedia":[{"embeddable":true,"href":"https:\/\/formalprision.com\/index.php?rest_route=\/wp\/v2\/media\/135519"}],"wp:attachment":[{"href":"https:\/\/formalprision.com\/index.php?rest_route=%2Fwp%2Fv2%2Fmedia&parent=135518"}],"wp:term":[{"taxonomy":"category","embeddable":true,"href":"https:\/\/formalprision.com\/index.php?rest_route=%2Fwp%2Fv2%2Fcategories&post=135518"},{"taxonomy":"post_tag","embeddable":true,"href":"https:\/\/formalprision.com\/index.php?rest_route=%2Fwp%2Fv2%2Ftags&post=135518"}],"curies":[{"name":"wp","href":"https:\/\/api.w.org\/{rel}","templated":true}]}}