{"id":135528,"date":"2025-10-16T19:57:18","date_gmt":"2025-10-17T00:57:18","guid":{"rendered":"https:\/\/formalprision.com\/?p=135528"},"modified":"2025-11-17T19:47:02","modified_gmt":"2025-11-18T00:47:02","slug":"concluye-cecilia-patron-exitosa-gira-en-busca-de-fondos-y-cooperacion-internacional-para-merida","status":"publish","type":"post","link":"https:\/\/formalprision.com\/?p=135528","title":{"rendered":"Concluye Cecilia Patr\u00f3n exitosa gira en busca de fondos y cooperaci\u00f3n internacional para M\u00e9rida"},"content":{"rendered":"\n<p>NIZA, Francia.- La presidenta municipal de M\u00e9rida, Cecilia Patr\u00f3n Laviada, concluye exitosa gira de trabajo y vinculaci\u00f3n internacional con la Uni\u00f3n Europea en la que dio prioridad a la firma de acuerdos que permitan acceder a fondos de cooperaci\u00f3n internacional para destinar mayores recursos a programas y proyectos municipales compartidos con otros gobiernos.<\/p>\n\n\n\n<p>\u201cEstas relaciones de colaboraci\u00f3n permiten tanto a gobiernos locales y organismos europeos compartir objetivos en materia de desarrollo sostenible, innovaci\u00f3n y fortalecimiento institucional. Tambi\u00e9n nos permitir\u00e1 acceder a recursos que ayudar\u00e1n a beneficiar a m\u00e1s familias meridanas\u201d, se\u00f1al\u00f3 la alcaldesa.<\/p>\n\n\n\n<p>El objetivo principal de este acercamiento internacional fue lograr la sostenibilidad de pol\u00edticas p\u00fablicas municipales que han permitido impactar de manera positiva la econom\u00eda, y la vida diaria de quienes habitan M\u00e9rida con mayor justicia social.<\/p>\n\n\n\n<p>Asimismo destac\u00f3 que su participaci\u00f3n en la Semana Europea de las Regiones y Ciudades 2025 le permiti\u00f3 conocer mejores pr\u00e1cticas, establecer redes estrat\u00e9gicas y escalar modelos exitosos para aplicar a realidades locales mediante canales permanentes de colaboraci\u00f3n institucional y proyectos conjuntos con otros gobiernos similares en condiciones o problem\u00e1ticas.<\/p>\n\n\n\n<p>\u201cEste esfuerzo internacional permiti\u00f3 establecer una relaci\u00f3n entre los estados miembros y la Uni\u00f3n Europea en los procesos de consulta y toma de decisiones de la Comisi\u00f3n Europea, as\u00ed como su impacto en la ciudadan\u00eda.<\/p>\n\n\n\n<p>Adem\u00e1s de comprender el proceso legislativo de la UE y los mecanismos de participaci\u00f3n ciudadana eficiente\u201d, agreg\u00f3 Patr\u00f3n Laviada.<\/p>\n\n\n\n<p>Como parte de esta gira de trabajo y vinculaci\u00f3n, la primera edil meridana particip\u00f3 en un encuentro con Jaume Duch Guillot, ministro de la Uni\u00f3n Europea y Acci\u00f3n Exterior-Gobierno de Catalu\u00f1a, Espa\u00f1a, con quien habl\u00f3 de la Iniciativa Localisation of the EU\u2019s Global Gateway, una estrategia europea de promoci\u00f3n de inversiones sostenibles en infraestructura digital, energ\u00e9tica, clim\u00e1tica y educativa.<\/p>\n\n\n\n<p>Tambi\u00e9n sostuvo una reuni\u00f3n con Domingos Martins, de la Delegaci\u00f3n Municipal de Braga, Portugal, y coordinador general del proyecto Human Power Hub, para conocer la experiencia de este modelo, destacado por su impacto en innovaci\u00f3n social y desarrollo comunitario.<\/p>\n\n\n\n<p>A la par se establecieron v\u00ednculos con la Unidad de Partenariado Internacional de la Municipalidad de Tallinn, Estonia, con quienes intercambi\u00f3 ideas sobre Gobierno Digital y revis\u00f3 la estrategia International Tallinn 2035 y los aprendizajes de la ciudad como European Green Capital 2023.<\/p>\n\n\n\n<p>Cecilia Patr\u00f3n tambi\u00e9n sostuvo un acercamiento e intercambio de experiencias con representantes de la regi\u00f3n metropolitana de Helsinki que incluyen Vantaa y Espoo, sobre proyectos europeos de innovaci\u00f3n y educaci\u00f3n. El gobierno de M\u00e9rida present\u00f3 datos de los Centros Aprende y el programa de participaci\u00f3n ciudadana de Dise\u00f1a tu Ciudad.<\/p>\n\n\n\n<p>Y como parte de estos resultados se realiz\u00f3 la Firma de Cartas de Intenci\u00f3n del Proyecto URBACT \u201cCities for Sustainability Governance\u201d, en la que el Ayuntamiento de M\u00e9rida, con representantes del municipio de Espoo, que permitir\u00e1 dar forma concreta a un espacio de colaboraci\u00f3n simult\u00e1neo con nueve ciudades europeas que participan en esta red conformada por Espoo, Finlandia; Braga, Portugal; Gabrovo, Bulgaria; Ko\u0161ice, Eslovaquia; Tallinn, Estonia; Valencia, Espa\u00f1a; Jablonec nad Nisou, Rep\u00fablica Checa; Agios Dimitrios, Grecia, y Mannheim, Alemania.<\/p>\n\n\n\n<p>Los resultados se ver\u00e1n plasmados en nuevas estrategias de proyectos y pol\u00edticas municipales en beneficio de las familias meridanas, afirm\u00f3 Cecilia.<\/p>\n\n\n\n<p>En su \u00faltima jornada de acercamiento con gobiernos innovadores se reuni\u00f3 con Barbara Prot, concejala municipal, subdelegada de Prevenci\u00f3n y Educaci\u00f3n para la Salud en Niza, Francia, y con Rudy Salles, presidente de la Comisi\u00f3n de Turismo y Relaciones Internacionales de la Metr\u00f3poli de Niza Costa Azul.<\/p>\n\n\n\n<p>Cabe destacar se realiz\u00f3 una visita a la Agencia P\u00fablica de Desarrollo Urbano se Niza en la que se presentaron modelos y una metodolog\u00eda EVQ creada por el Ministerio de Transici\u00f3n Ecol\u00f3gica de Francia, para planificar y certificar barrios sostenibles, EcoQuartier, a cargo de Lorea Lasalde, responsable del \u00e1rea de comunicaci\u00f3n y concertaci\u00f3n, y G\u00e9raldine Lorenz, encargada de misi\u00f3n de Calidad Ambiental y Energ\u00e9tica.<\/p>\n\n\n\n<p>Estas reuniones con diferentes alcaldes y delegaciones de diversas ciudades entablan las bases de procesos de gobernanza eficientes, innovadores, estrat\u00e9gicos y sostenibles que la capital yucateca necesita para seguir mejorando la respuesta de resultados, atenci\u00f3n a necesidades y ordenanza de la ciudad con estrategia y acceso a fondos que beneficien a la prosperidad y calidad de vida de las familias meridanas.<\/p>\n","protected":false},"excerpt":{"rendered":"<p>NIZA, Francia.- La presidenta municipal de M\u00e9rida, Cecilia Patr\u00f3n Laviada, concluye exitosa gira de trabajo y vinculaci\u00f3n internacional con la Uni\u00f3n Europea en la que dio prioridad a la firma<\/p>\n","protected":false},"author":2,"featured_media":135530,"comment_status":"open","ping_status":"open","sticky":false,"template":"","format":"standard","meta":{"jetpack_post_was_ever_published":false,"_jetpack_newsletter_access":"","_jetpack_dont_email_post_to_subs":false,"_jetpack_newsletter_tier_id":0,"_jetpack_memberships_contains_paywalled_content":false,"_jetpack_memberships_contains_paid_content":false,"footnotes":"","jetpack_publicize_message":"","jetpack_publicize_feature_enabled":true,"jetpack_social_post_already_shared":true,"jetpack_social_options":{"image_generator_settings":{"template":"highway","default_image_id":0,"font":"","enabled":false},"version":2}},"categories":[14],"tags":[],"class_list":["post-135528","post","type-post","status-publish","format-standard","has-post-thumbnail","hentry","category-merida"],"jetpack_publicize_connections":[],"jetpack_featured_media_url":"https:\/\/formalprision.com\/wp-content\/uploads\/2025\/10\/WhatsApp-Image-2025-10-16-at-5.58.48-PM.jpeg","jetpack_sharing_enabled":true,"jetpack_shortlink":"https:\/\/wp.me\/p6id8p-zfW","_links":{"self":[{"href":"https:\/\/formalprision.com\/index.php?rest_route=\/wp\/v2\/posts\/135528","targetHints":{"allow":["GET"]}}],"collection":[{"href":"https:\/\/formalprision.com\/index.php?rest_route=\/wp\/v2\/posts"}],"about":[{"href":"https:\/\/formalprision.com\/index.php?rest_route=\/wp\/v2\/types\/post"}],"author":[{"embeddable":true,"href":"https:\/\/formalprision.com\/index.php?rest_route=\/wp\/v2\/users\/2"}],"replies":[{"embeddable":true,"href":"https:\/\/formalprision.com\/index.php?rest_route=%2Fwp%2Fv2%2Fcomments&post=135528"}],"version-history":[{"count":1,"href":"https:\/\/formalprision.com\/index.php?rest_route=\/wp\/v2\/posts\/135528\/revisions"}],"predecessor-version":[{"id":135529,"href":"https:\/\/formalprision.com\/index.php?rest_route=\/wp\/v2\/posts\/135528\/revisions\/135529"}],"wp:featuredmedia":[{"embeddable":true,"href":"https:\/\/formalprision.com\/index.php?rest_route=\/wp\/v2\/media\/135530"}],"wp:attachment":[{"href":"https:\/\/formalprision.com\/index.php?rest_route=%2Fwp%2Fv2%2Fmedia&parent=135528"}],"wp:term":[{"taxonomy":"category","embeddable":true,"href":"https:\/\/formalprision.com\/index.php?rest_route=%2Fwp%2Fv2%2Fcategories&post=135528"},{"taxonomy":"post_tag","embeddable":true,"href":"https:\/\/formalprision.com\/index.php?rest_route=%2Fwp%2Fv2%2Ftags&post=135528"}],"curies":[{"name":"wp","href":"https:\/\/api.w.org\/{rel}","templated":true}]}}