{"id":135551,"date":"2025-10-17T17:13:15","date_gmt":"2025-10-17T22:13:15","guid":{"rendered":"https:\/\/formalprision.com\/?p=135551"},"modified":"2025-10-17T17:13:15","modified_gmt":"2025-10-17T22:13:15","slug":"sipinna-merida-refuerza-sus-acciones-para-proteger-a-la-infancia-y-la-adolescencia","status":"publish","type":"post","link":"https:\/\/formalprision.com\/?p=135551","title":{"rendered":"SIPINNA M\u00e9rida refuerza sus acciones para proteger a la infancia y la adolescencia"},"content":{"rendered":"\n<p>M\u00c9RIDA, Yucat\u00e1n.- Con el objetivo de redoblar las acciones de protecci\u00f3n de los derechos de la ni\u00f1ez y adolescencia, prioridad para la alcaldesa Cecilia Patr\u00f3n Laviada, el Sistema de Protecci\u00f3n Integral de Ni\u00f1as, Ni\u00f1os y Adolescentes de M\u00e9rida (SIPINNA) instal\u00f3 dos nuevas comisiones especializadas para dise\u00f1ar e implementar estrategias integrales de cuidado, seguridad y una vida plena para ellas y ellos.<\/p>\n\n\n\n<p>Se trata de las comisiones de Primera Infancia y para Poner Fin a Toda Forma de Violencia contra Ni\u00f1as, Ni\u00f1os y Adolescentes, las cuales ser\u00e1n encabezadas por el DIF Municipal y el Instituto Municipal de las Mujeres, respectivamente. Con ello, se busca fortalecer la acci\u00f3n conjunta del gobierno municipal en la promoci\u00f3n, protecci\u00f3n y garant\u00eda de los derechos de ni\u00f1as, ni\u00f1os y adolescentes.<\/p>\n\n\n\n<p>La instalaci\u00f3n de estos espacios estuvo a cargo de Hugo Andr\u00e9s P\u00e9rez Polanco, secretario ejecutivo del SIPINNA M\u00e9rida, quien destac\u00f3 que desde su creaci\u00f3n este sistema ha impulsado, planificado, coordinado y evaluado pol\u00edticas p\u00fablicas centradas en la ni\u00f1ez y la adolescencia. \u201cApostarle a la primera infancia y garantizar entornos libres de violencia constituye la base para construir cambios verdaderos y duraderos en la sociedad\u201d, afirm\u00f3.<\/p>\n\n\n\n<p>Entre las acciones destacadas que el sistema ha puesto en marcha se encuentra la campa\u00f1a \u201cCon Dinno, \u00a1Di No al Abuso!\u201d, una estrategia de prevenci\u00f3n del abuso sexual infantil que ha llevado mensajes claros, inclusivos y educativos a cientos de ni\u00f1as y ni\u00f1os a trav\u00e9s de ferias y actividades escolares.<\/p>\n\n\n\n<p>Asimismo, se ha consolidado el proyecto Cabildo Juvenil, un espacio donde los adolescentes participan activamente en la vida p\u00fablica, expresan sus opiniones y proponen soluciones sobre temas que impactan su desarrollo.<\/p>\n\n\n\n<p>\u201cEl trabajo articulado entre instituciones, sociedad civil y gobierno ser\u00e1 clave para seguir avanzando en la garant\u00eda plena de sus derechos\u201d, agreg\u00f3 P\u00e9rez Polanco.<\/p>\n\n\n\n<p>De igual forma, mediante la Unidad Especializada de Primer Contacto, el municipio ha brindado atenci\u00f3n integral jur\u00eddica, psicol\u00f3gica y de trabajo social a 123 casos de vulneraci\u00f3n de derechos, reforzando as\u00ed su compromiso con la protecci\u00f3n y el bienestar de la infancia y adolescencia meridana.<\/p>\n\n\n\n<p>Con la instalaci\u00f3n de estas comisiones, el Ayuntamiento de M\u00e9rida reafirma su compromiso de construir una ciudad en la que cada ni\u00f1a, ni\u00f1o y adolescente crezca en entornos seguros, libres de violencia y con oportunidades para alcanzar su m\u00e1ximo potencial.<\/p>\n","protected":false},"excerpt":{"rendered":"<p>M\u00c9RIDA, Yucat\u00e1n.- Con el objetivo de redoblar las acciones de protecci\u00f3n de los derechos de la ni\u00f1ez y adolescencia, prioridad para la alcaldesa Cecilia Patr\u00f3n Laviada, el Sistema de Protecci\u00f3n<\/p>\n","protected":false},"author":2,"featured_media":135553,"comment_status":"open","ping_status":"open","sticky":false,"template":"","format":"standard","meta":{"jetpack_post_was_ever_published":false,"_jetpack_newsletter_access":"","_jetpack_dont_email_post_to_subs":false,"_jetpack_newsletter_tier_id":0,"_jetpack_memberships_contains_paywalled_content":false,"_jetpack_memberships_contains_paid_content":false,"footnotes":"","jetpack_publicize_message":"","jetpack_publicize_feature_enabled":true,"jetpack_social_post_already_shared":true,"jetpack_social_options":{"image_generator_settings":{"template":"highway","default_image_id":0,"font":"","enabled":false},"version":2}},"categories":[14],"tags":[],"class_list":["post-135551","post","type-post","status-publish","format-standard","has-post-thumbnail","hentry","category-merida"],"jetpack_publicize_connections":[],"jetpack_featured_media_url":"https:\/\/formalprision.com\/wp-content\/uploads\/2025\/10\/WhatsApp-Image-2025-10-17-at-3.10.43-PM.jpeg","jetpack_sharing_enabled":true,"jetpack_shortlink":"https:\/\/wp.me\/p6id8p-zgj","_links":{"self":[{"href":"https:\/\/formalprision.com\/index.php?rest_route=\/wp\/v2\/posts\/135551","targetHints":{"allow":["GET"]}}],"collection":[{"href":"https:\/\/formalprision.com\/index.php?rest_route=\/wp\/v2\/posts"}],"about":[{"href":"https:\/\/formalprision.com\/index.php?rest_route=\/wp\/v2\/types\/post"}],"author":[{"embeddable":true,"href":"https:\/\/formalprision.com\/index.php?rest_route=\/wp\/v2\/users\/2"}],"replies":[{"embeddable":true,"href":"https:\/\/formalprision.com\/index.php?rest_route=%2Fwp%2Fv2%2Fcomments&post=135551"}],"version-history":[{"count":1,"href":"https:\/\/formalprision.com\/index.php?rest_route=\/wp\/v2\/posts\/135551\/revisions"}],"predecessor-version":[{"id":135552,"href":"https:\/\/formalprision.com\/index.php?rest_route=\/wp\/v2\/posts\/135551\/revisions\/135552"}],"wp:featuredmedia":[{"embeddable":true,"href":"https:\/\/formalprision.com\/index.php?rest_route=\/wp\/v2\/media\/135553"}],"wp:attachment":[{"href":"https:\/\/formalprision.com\/index.php?rest_route=%2Fwp%2Fv2%2Fmedia&parent=135551"}],"wp:term":[{"taxonomy":"category","embeddable":true,"href":"https:\/\/formalprision.com\/index.php?rest_route=%2Fwp%2Fv2%2Fcategories&post=135551"},{"taxonomy":"post_tag","embeddable":true,"href":"https:\/\/formalprision.com\/index.php?rest_route=%2Fwp%2Fv2%2Ftags&post=135551"}],"curies":[{"name":"wp","href":"https:\/\/api.w.org\/{rel}","templated":true}]}}