{"id":135600,"date":"2025-10-20T19:29:14","date_gmt":"2025-10-21T00:29:14","guid":{"rendered":"https:\/\/formalprision.com\/?p=135600"},"modified":"2025-10-20T19:29:14","modified_gmt":"2025-10-21T00:29:14","slug":"cecilia-patron-entrega-aparatos-ortopedicos-y-auditivos-a-personas-con-discapacidad-de-merida","status":"publish","type":"post","link":"https:\/\/formalprision.com\/?p=135600","title":{"rendered":"Cecilia Patr\u00f3n entrega aparatos ortop\u00e9dicos y auditivos a personas con discapacidad de M\u00e9rida"},"content":{"rendered":"\n<p>M\u00c9RIDA, Yucat\u00e1n.- Para facilitar su autonom\u00eda e integraci\u00f3n a la sociedad, 30 meridanas y meridanos recibieron aparatos ortop\u00e9dicos y auditivos en la ceremonia que encabez\u00f3 la presidenta municipal Cecilia Patr\u00f3n Laviada.<\/p>\n\n\n\n<p>\u201cEl bienestar de la gente es nuestra prioridad en cada decisi\u00f3n, por eso, cada peso que invertimos lo hacemos con justicia social y buscando mejorar la calidad de vida de todas las personas por igual\u201d, destac\u00f3 la alcaldesa.<\/p>\n\n\n\n<p>Acompa\u00f1ada del director del DIF M\u00e9rida, Gerardo L\u00f3pez Fern\u00e1ndez, la edil entreg\u00f3 sillas de ruedas, andadores rollator y aparatos auditivos con una inversi\u00f3n de 73 mil 247.18 pesos.<\/p>\n\n\n\n<p>Cecilia agradeci\u00f3 la confianza que las y los ciudadanos tienen en su autoridad municipal y que se refleja en la alta solicitud de apoyos a los que se da pronta respuesta, pues es prioridad<\/p>\n\n\n\n<p>\u201cCon esta acci\u00f3n reafirmamos nuestro compromiso como un Ayuntamiento cercano, humano y sensible a todas las causas. Cada apoyo que reciben, son muestra de c\u00f3mo las y los cuidamos siempre\u201d, destac\u00f3.<\/p>\n\n\n\n<p>La presente administraci\u00f3n ha entregado 1 mil 146 aparatos ortop\u00e9dicos por un monto total de 4 millones 056 mil 676.04 pesos<\/p>\n\n\n\n<p>\u201cAs\u00ed seguiremos trabajando, invirtiendo los recursos de todas y todos los meridanos en la gente, para que cada vez, m\u00e1s personas cuenten con las herramientas necesarias para enfrentar los retos que la vida les presenta. Cuenten siempre con este Ayuntamiento que les acompa\u00f1a, cuida y apoya. M\u00e9rida, con ustedes es mejor\u201d, concluy\u00f3.<\/p>\n\n\n\n<p>Mayores informes sobre los apoyos y servicios en la calle 66 entre 57 y 59, Colonia Centro, al tel\u00e9fono (999) 928 04 56 o en la p\u00e1gina merida.gob.mx\/dif<\/p>\n\n\n\n<p>Acompa\u00f1aron a la alcaldesa Lourdes Gasque de Karam, presidenta del Voluntariado por M\u00e9rida; Flora Zapata Mendiolea, coordinadora general de Justicia Social y Desarrollo Humano, y la regidora Ang\u00e9lica Mena Maga\u00f1a.<\/p>\n","protected":false},"excerpt":{"rendered":"<p>M\u00c9RIDA, Yucat\u00e1n.- Para facilitar su autonom\u00eda e integraci\u00f3n a la sociedad, 30 meridanas y meridanos recibieron aparatos ortop\u00e9dicos y auditivos en la ceremonia que encabez\u00f3 la presidenta municipal Cecilia Patr\u00f3n<\/p>\n","protected":false},"author":2,"featured_media":135602,"comment_status":"open","ping_status":"open","sticky":false,"template":"","format":"standard","meta":{"jetpack_post_was_ever_published":false,"_jetpack_newsletter_access":"","_jetpack_dont_email_post_to_subs":false,"_jetpack_newsletter_tier_id":0,"_jetpack_memberships_contains_paywalled_content":false,"_jetpack_memberships_contains_paid_content":false,"footnotes":"","jetpack_publicize_message":"","jetpack_publicize_feature_enabled":true,"jetpack_social_post_already_shared":true,"jetpack_social_options":{"image_generator_settings":{"template":"highway","default_image_id":0,"font":"","enabled":false},"version":2}},"categories":[14],"tags":[],"class_list":["post-135600","post","type-post","status-publish","format-standard","has-post-thumbnail","hentry","category-merida"],"jetpack_publicize_connections":[],"jetpack_featured_media_url":"https:\/\/formalprision.com\/wp-content\/uploads\/2025\/10\/WhatsApp-Image-2025-10-20-at-3.31.38-PM.jpeg","jetpack_sharing_enabled":true,"jetpack_shortlink":"https:\/\/wp.me\/p6id8p-zh6","_links":{"self":[{"href":"https:\/\/formalprision.com\/index.php?rest_route=\/wp\/v2\/posts\/135600","targetHints":{"allow":["GET"]}}],"collection":[{"href":"https:\/\/formalprision.com\/index.php?rest_route=\/wp\/v2\/posts"}],"about":[{"href":"https:\/\/formalprision.com\/index.php?rest_route=\/wp\/v2\/types\/post"}],"author":[{"embeddable":true,"href":"https:\/\/formalprision.com\/index.php?rest_route=\/wp\/v2\/users\/2"}],"replies":[{"embeddable":true,"href":"https:\/\/formalprision.com\/index.php?rest_route=%2Fwp%2Fv2%2Fcomments&post=135600"}],"version-history":[{"count":1,"href":"https:\/\/formalprision.com\/index.php?rest_route=\/wp\/v2\/posts\/135600\/revisions"}],"predecessor-version":[{"id":135601,"href":"https:\/\/formalprision.com\/index.php?rest_route=\/wp\/v2\/posts\/135600\/revisions\/135601"}],"wp:featuredmedia":[{"embeddable":true,"href":"https:\/\/formalprision.com\/index.php?rest_route=\/wp\/v2\/media\/135602"}],"wp:attachment":[{"href":"https:\/\/formalprision.com\/index.php?rest_route=%2Fwp%2Fv2%2Fmedia&parent=135600"}],"wp:term":[{"taxonomy":"category","embeddable":true,"href":"https:\/\/formalprision.com\/index.php?rest_route=%2Fwp%2Fv2%2Fcategories&post=135600"},{"taxonomy":"post_tag","embeddable":true,"href":"https:\/\/formalprision.com\/index.php?rest_route=%2Fwp%2Fv2%2Ftags&post=135600"}],"curies":[{"name":"wp","href":"https:\/\/api.w.org\/{rel}","templated":true}]}}