{"id":135610,"date":"2025-10-20T22:12:26","date_gmt":"2025-10-21T03:12:26","guid":{"rendered":"https:\/\/formalprision.com\/?p=135610"},"modified":"2025-10-21T23:06:56","modified_gmt":"2025-10-22T04:06:56","slug":"hallan-muerto-en-puebla-al-medio-metro-de-el-alto","status":"publish","type":"post","link":"https:\/\/formalprision.com\/?p=135610","title":{"rendered":"Hallan muerto en Puebla al &#8216;Medio Metro de El Alto&#8217;"},"content":{"rendered":"\n<p>Este lunes 20 de octubre se dio a conocer que fue hallado muerto un hombre conocido como el \u201cMedio Metro de El Alto\u201c, en Puebla.<\/p>\n\n\n\n<p>El hecho fue dado a conocer por el grupo Super T de Paco Toxqui, del que \u201cMedio Metro\u201d era miembro.<\/p>\n\n\n\n<p>De acuerdo con reportes, el cuerpo fue localizado en una barranca de la Junta Auxiliar de San Aparicio, en Puebla capital.<\/p>\n\n\n\n<p>La Fiscal\u00eda General del Estado (FGE) y el Servicio M\u00e9dico Forense (Semefo) realizaron el levantamiento del cuerpo y se inici\u00f3 una carpeta de investigaci\u00f3n. Hasta el momento, se sabe que su muerte se debi\u00f3 a un traumatismo craneoencef\u00e1lico severo a causa de un golpe contundente.<\/p>\n\n\n\n<p><strong>\u00bfQui\u00e9n fue el \u2018Medio Metro de El Alto\u2019 y por qu\u00e9 su muerte gener\u00f3 confusi\u00f3n?<\/strong><\/p>\n\n\n\n<p>El \u201cMedio Metro de El Alto\u201c, quien de acuerdo con reportes se llamar\u00eda Francisco, fue una figura reconocida de la escena sonidera de Puebla.<\/p>\n\n\n\n<p>Se le ha confundido con Jos\u00e9 Eduardo Sandallo, quien tambi\u00e9n ostenta el apodo de \u201cMedio Metro\u201d y se volvi\u00f3 viral con Sonido Pirata.<\/p>\n\n\n\n<p>Tras la salida de Jos\u00e9 Eduardo de Sonido Pirata, Jonathan Uriel pas\u00f3 a sustuirlo como \u201cMedio Metro\u00bb.<\/p>\n\n\n\n<p>El \u2018Medio Metro de El Alto\u2019 defend\u00eda que era el \u201coriginal\u201d.<\/p>\n\n\n\n<p>En redes sociales, Francisco defendi\u00f3 su apodo \u201cMedio Metro\u201d y aseguraba que era \u201cel original\u201c.<\/p>\n\n\n\n<p>Reportes se\u00f1alan que entre 2017 y 2018 Francisco hizo apariciones con el colectivo Sonido Kiss Sound.<\/p>\n\n\n\n<p>En esos a\u00f1os se dio a conocer como el \u201cMedio Metro del Barrio El Alto\u201c.<\/p>\n","protected":false},"excerpt":{"rendered":"<p>Este lunes 20 de octubre se dio a conocer que fue hallado muerto un hombre conocido como el \u201cMedio Metro de El Alto\u201c, en Puebla. El hecho fue dado a<\/p>\n","protected":false},"author":2,"featured_media":135612,"comment_status":"open","ping_status":"open","sticky":false,"template":"","format":"standard","meta":{"jetpack_post_was_ever_published":false,"_jetpack_newsletter_access":"","_jetpack_dont_email_post_to_subs":false,"_jetpack_newsletter_tier_id":0,"_jetpack_memberships_contains_paywalled_content":false,"_jetpack_memberships_contains_paid_content":false,"footnotes":"","jetpack_publicize_message":"","jetpack_publicize_feature_enabled":true,"jetpack_social_post_already_shared":true,"jetpack_social_options":{"image_generator_settings":{"template":"highway","default_image_id":0,"font":"","enabled":false},"version":2}},"categories":[23,21],"tags":[],"class_list":["post-135610","post","type-post","status-publish","format-standard","has-post-thumbnail","hentry","category-del-mundo","category-nacionales"],"jetpack_publicize_connections":[],"jetpack_featured_media_url":"https:\/\/formalprision.com\/wp-content\/uploads\/2025\/10\/medio.jpg","jetpack_sharing_enabled":true,"jetpack_shortlink":"https:\/\/wp.me\/p6id8p-zhg","_links":{"self":[{"href":"https:\/\/formalprision.com\/index.php?rest_route=\/wp\/v2\/posts\/135610","targetHints":{"allow":["GET"]}}],"collection":[{"href":"https:\/\/formalprision.com\/index.php?rest_route=\/wp\/v2\/posts"}],"about":[{"href":"https:\/\/formalprision.com\/index.php?rest_route=\/wp\/v2\/types\/post"}],"author":[{"embeddable":true,"href":"https:\/\/formalprision.com\/index.php?rest_route=\/wp\/v2\/users\/2"}],"replies":[{"embeddable":true,"href":"https:\/\/formalprision.com\/index.php?rest_route=%2Fwp%2Fv2%2Fcomments&post=135610"}],"version-history":[{"count":2,"href":"https:\/\/formalprision.com\/index.php?rest_route=\/wp\/v2\/posts\/135610\/revisions"}],"predecessor-version":[{"id":135613,"href":"https:\/\/formalprision.com\/index.php?rest_route=\/wp\/v2\/posts\/135610\/revisions\/135613"}],"wp:featuredmedia":[{"embeddable":true,"href":"https:\/\/formalprision.com\/index.php?rest_route=\/wp\/v2\/media\/135612"}],"wp:attachment":[{"href":"https:\/\/formalprision.com\/index.php?rest_route=%2Fwp%2Fv2%2Fmedia&parent=135610"}],"wp:term":[{"taxonomy":"category","embeddable":true,"href":"https:\/\/formalprision.com\/index.php?rest_route=%2Fwp%2Fv2%2Fcategories&post=135610"},{"taxonomy":"post_tag","embeddable":true,"href":"https:\/\/formalprision.com\/index.php?rest_route=%2Fwp%2Fv2%2Ftags&post=135610"}],"curies":[{"name":"wp","href":"https:\/\/api.w.org\/{rel}","templated":true}]}}