{"id":135641,"date":"2025-10-22T19:08:00","date_gmt":"2025-10-23T00:08:00","guid":{"rendered":"https:\/\/formalprision.com\/?p=135641"},"modified":"2025-10-23T21:48:56","modified_gmt":"2025-10-24T02:48:56","slug":"envia-cecilia-patron-ayuda-recolectada-por-los-meridanos-para-damnificados-por-inundaciones","status":"publish","type":"post","link":"https:\/\/formalprision.com\/?p=135641","title":{"rendered":"Env\u00eda Cecilia Patr\u00f3n ayuda recolectada por los meridanos para damnificados por inundaciones"},"content":{"rendered":"\n<p>M\u00c9RIDA, Yucat\u00e1n.- Muestra de la solidaridad que caracteriza a los meridanos, el Ayuntamiento de M\u00e9rida que encabeza la presidenta municipal Cecilia Patr\u00f3n Laviada reuni\u00f3 10 toneladas de v\u00edveres y art\u00edculos de primera necesidad para apoyar a las familias damnificadas por las inundaciones en varias comunidades de Veracruz.<\/p>\n\n\n\n<p>La convocatoria tuvo alta respuesta de la comunidad meridana, incluyendo escuelas, universidades, asociaciones civiles y religiosas, que aportaron de manera generosa ropa, art\u00edculos de higiene personal, alimentos no perecederos, agua y alimento para mascotas.<\/p>\n\n\n\n<p>\u201cDesde que iniciamos el nuevo estilo de gobernar M\u00e9rida, nos comprometimos a mejorar la vida de la gente y a priorizar su bienestar en todo momento. Gobernamos con sensibilidad, empat\u00eda y solidaridad, dirigiendo nuestras acciones a quienes m\u00e1s necesitan nuestra ayuda y en esta ocasi\u00f3n nos unimos en torno a nuestros compatriotas de Veracruz\u201d, afirm\u00f3 la alcaldesa.<\/p>\n\n\n\n<p>Cecilia Patr\u00f3n inform\u00f3 que el env\u00edo de ayuda se lleva a cabo en colaboraci\u00f3n con Aliarse por Yucat\u00e1n, ADO y Aliarse por Veracruz, como parte de la red Aliarse por M\u00e9xico, que impulsa la responsabilidad social empresarial para crear entornos m\u00e1s justos, solidarios y dignos para todos.<\/p>\n\n\n\n<p>La alcaldesa expres\u00f3 su agradecimiento a la comunidad meridana por su solidaridad y colaboraci\u00f3n, enfatizando que su respuesta demuestra que en M\u00e9rida la calidez es una cualidad que se vive y se comparte, fortaleciendo los lazos de unidad y apoyo.<\/p>\n\n\n\n<p>\u201cEntendemos el dolor que conlleva la p\u00e9rdida a la que se han enfrentado quienes resultaron afectados, perdieron sus casas, e incluso perdieron a seres queridos y animalitos de compa\u00f1\u00eda. A todas y todos, les extendemos un abrazo solidario, queremos que sepan que no est\u00e1n solas ni solos. M\u00e9rida est\u00e1 con ustedes\u201d, expres\u00f3.<\/p>\n\n\n\n<p>Agreg\u00f3 que camiones de la empresa ADO cargados con ayuda humanitaria partir\u00e1n hoy mismo rumbo a Veracruz para entregar estos apoyos a las familias damnificadas.<\/p>\n\n\n\n<p>Como se recordar\u00e1, el Ayuntamiento de M\u00e9rida instal\u00f3 el centro de acopio en el m\u00f3dulo de Atenci\u00f3n Ciudadana, ubicado en los bajos del Palacio Municipal, para apoyar a las familias afectadas por las intensas lluvias y severas inundaciones en el estado de Veracruz.<\/p>\n\n\n\n<p>Entre lo recolectado est\u00e1 agua, alimentos no perecederos y art\u00edculos de limpieza e higiene personal, como ropa, pa\u00f1ales, medicinas, alimento para mascotas, toallas femeninas, jab\u00f3n neutro, pasta dental y leche en polvo.<\/p>\n\n\n\n<p>La ayuda se enviar\u00e1 a los poblados de Poza Rica, \u00c1lamo Temapache, Espinal, El Higo, Zontecomatl\u00e1n, Papantla, Guti\u00e9rrez Zamora y Coyutla.<\/p>\n\n\n\n<p>\u201cHoy, nuestras hermanas y hermanos de Veracruz se encuentran en una situaci\u00f3n muy vulnerable que requiere de nuestro total apoyo. C\u00f3mo Ayuntamiento aliado de la gente, ayudamos a quienes fueron afectados por las inundaciones\u201d, concluy\u00f3 la presidenta municipal.<\/p>\n","protected":false},"excerpt":{"rendered":"<p>M\u00c9RIDA, Yucat\u00e1n.- Muestra de la solidaridad que caracteriza a los meridanos, el Ayuntamiento de M\u00e9rida que encabeza la presidenta municipal Cecilia Patr\u00f3n Laviada reuni\u00f3 10 toneladas de v\u00edveres y art\u00edculos<\/p>\n","protected":false},"author":2,"featured_media":135643,"comment_status":"open","ping_status":"open","sticky":false,"template":"","format":"standard","meta":{"jetpack_post_was_ever_published":false,"_jetpack_newsletter_access":"","_jetpack_dont_email_post_to_subs":false,"_jetpack_newsletter_tier_id":0,"_jetpack_memberships_contains_paywalled_content":false,"_jetpack_memberships_contains_paid_content":false,"footnotes":"","jetpack_publicize_message":"","jetpack_publicize_feature_enabled":true,"jetpack_social_post_already_shared":true,"jetpack_social_options":{"image_generator_settings":{"template":"highway","default_image_id":0,"font":"","enabled":false},"version":2}},"categories":[54],"tags":[],"class_list":["post-135641","post","type-post","status-publish","format-standard","has-post-thumbnail","hentry","category-yucatan"],"jetpack_publicize_connections":[],"jetpack_featured_media_url":"https:\/\/formalprision.com\/wp-content\/uploads\/2025\/10\/WhatsApp-Image-2025-10-22-at-4.51.41-PM.jpeg","jetpack_sharing_enabled":true,"jetpack_shortlink":"https:\/\/wp.me\/p6id8p-zhL","_links":{"self":[{"href":"https:\/\/formalprision.com\/index.php?rest_route=\/wp\/v2\/posts\/135641","targetHints":{"allow":["GET"]}}],"collection":[{"href":"https:\/\/formalprision.com\/index.php?rest_route=\/wp\/v2\/posts"}],"about":[{"href":"https:\/\/formalprision.com\/index.php?rest_route=\/wp\/v2\/types\/post"}],"author":[{"embeddable":true,"href":"https:\/\/formalprision.com\/index.php?rest_route=\/wp\/v2\/users\/2"}],"replies":[{"embeddable":true,"href":"https:\/\/formalprision.com\/index.php?rest_route=%2Fwp%2Fv2%2Fcomments&post=135641"}],"version-history":[{"count":2,"href":"https:\/\/formalprision.com\/index.php?rest_route=\/wp\/v2\/posts\/135641\/revisions"}],"predecessor-version":[{"id":135644,"href":"https:\/\/formalprision.com\/index.php?rest_route=\/wp\/v2\/posts\/135641\/revisions\/135644"}],"wp:featuredmedia":[{"embeddable":true,"href":"https:\/\/formalprision.com\/index.php?rest_route=\/wp\/v2\/media\/135643"}],"wp:attachment":[{"href":"https:\/\/formalprision.com\/index.php?rest_route=%2Fwp%2Fv2%2Fmedia&parent=135641"}],"wp:term":[{"taxonomy":"category","embeddable":true,"href":"https:\/\/formalprision.com\/index.php?rest_route=%2Fwp%2Fv2%2Fcategories&post=135641"},{"taxonomy":"post_tag","embeddable":true,"href":"https:\/\/formalprision.com\/index.php?rest_route=%2Fwp%2Fv2%2Ftags&post=135641"}],"curies":[{"name":"wp","href":"https:\/\/api.w.org\/{rel}","templated":true}]}}