{"id":135645,"date":"2025-10-22T20:18:53","date_gmt":"2025-10-23T01:18:53","guid":{"rendered":"https:\/\/formalprision.com\/?p=135645"},"modified":"2025-10-22T22:47:51","modified_gmt":"2025-10-23T03:47:51","slug":"save-the-children-e-instituto-de-las-mujeres-de-merida-realizan-el-primer-foro-ninas-imparables","status":"publish","type":"post","link":"https:\/\/formalprision.com\/?p=135645","title":{"rendered":"Save the Children e Instituto de las Mujeres de M\u00e9rida realizan el primer foro Ni\u00f1as Imparables"},"content":{"rendered":"\n<p>M\u00c9RIDA, Yucat\u00e1n.- Save the Children y el Instituto de las Mujeres del Ayuntamiento de M\u00e9rida realizaron el primer Foro de \u201cNi\u00f1as Imparables\u201d con el objetivo de fortalecer la reflexi\u00f3n y el activismo de ni\u00f1as de 10 a 13 a\u00f1os.<\/p>\n\n\n\n<p>En este espacio, las ni\u00f1as participaron en distintas mesas de trabajo que formaron parte de un \u201cLaboratorio de ideas\u201d dise\u00f1ado para impulsar la reflexi\u00f3n, el trabajo colaborativo, fomentar la participaci\u00f3n y promover la prevenci\u00f3n de la violencia.<\/p>\n\n\n\n<p>M\u00e1s de 60 ni\u00f1as y alrededor de 90 adultos formaron parte de distintos talleres de sensibilizaci\u00f3n sobre participaci\u00f3n infantil dirigidos al personal operativo del Instituto de las Mujeres y de otras instancias municipales, as\u00ed como madres, padres, personas cuidadoras y representantes de organizaciones de la sociedad civil.<\/p>\n\n\n\n<p>Adem\u00e1s hubo un di\u00e1logo entre ni\u00f1as y autoridades en el que compartieron experiencias, aprendizaje y compromisos para fortalecer la participaci\u00f3n de las ni\u00f1as en la agenda p\u00fablica y pol\u00edtica local.<\/p>\n\n\n\n<p>El contexto mexicano ha presentado hist\u00f3ricamente desaf\u00edos que limitan el poder de decisi\u00f3n de las ni\u00f1as y adolescentes; uno de los m\u00e1s importantes es la violencia de g\u00e9nero. Las ni\u00f1as, adolescentes y mujeres en situaci\u00f3n de violencia viven acompa\u00f1adas del miedo, el cual puede entenderse como un proceso psicol\u00f3gico y fisiol\u00f3gico, pero tambi\u00e9n como un fen\u00f3meno pol\u00edtico y social que inhibe la acci\u00f3n de las personas y las inmoviliza.<\/p>\n\n\n\n<p>Por eso es fundamental crear espacios de comunidad y participaci\u00f3n colectiva que les ayude a recuperar su poder, pues cuando las ni\u00f1as y adolescentes ejercen plenamente sus derechos y son escuchadas, podr\u00e1n encontrar las condiciones necesarias de que les permitan tomar decisiones propias, actuar de manera protag\u00f3nica en sus entornos, participar en los asuntos que les conciernen, pensar y actuar con autonom\u00eda, y ser visibles y reconocidas en sus comunidades.<\/p>\n\n\n\n<p>Iniciativas como el \u201cLaboratorio de ideas\u201d y el foro de \u201cNi\u00f1as Imparables\u201d buscan fortalecer estas capacidades y garantizar que las voces de ni\u00f1as y adolescentes sean escuchadas en los espacios donde se toman decisiones que afectan sus vidas.<\/p>\n\n\n\n<p>\u201cMe siento feliz y contenta de formar parte del club porque puedo ayudar a otras ni\u00f1as a defender sus derechos. Son importantes estos espacios solo para las ni\u00f1as porque podemos decir lo que pensamos y sentirnos escuchadas y en confianza\u201d, comparti\u00f3 una de las participantes.<\/p>\n\n\n\n<p>\u201cGracias a que soy parte del club de Save the Children me siento alegre y en confianza de hablar con las personas y decir lo que pienso a mis compa\u00f1eras y maestras\u201d, indic\u00f3 otra de las peque\u00f1as.<\/p>\n\n\n\n<p>\u201cLo que m\u00e1s me ha gustado son las actividades que hacemos con todas las ni\u00f1as y la manera en la que aprendemos a protegernos, tambi\u00e9n nos sentimos seguras, en confianza y valoradas\u201d, a\u00f1adi\u00f3 otra asistente.<\/p>\n\n\n\n<p>Patricia L\u00f3pez C\u00e1rdenas, coordinadora Nacional de Incidencia Pol\u00edtica y Temas Globales de Save the Children, se\u00f1al\u00f3 que una sociedad libre de violencia permite entornos seguros y saludables para que ni\u00f1as, ni\u00f1os y adolescentes puedan desarrollarse plenamente y alcanzar todo su potencial.<\/p>\n\n\n\n<p>Es por eso que este foro representa una oportunidad para que las ni\u00f1as expresen sus ideas y participen activamente en la construcci\u00f3n de un mundo donde puedan vivir libres, seguras y felices.<\/p>\n\n\n\n<p>Por su parte, Yahayra Centeno Ceballos, directora del Instituto de las Mujeres, mencion\u00f3 que para el Ayuntamiento de M\u00e9rida y para la alcaldesa Cecilia Patr\u00f3n Laviada, el empoderamiento de las ni\u00f1as es una prioridad.<\/p>\n\n\n\n<p>\u201cDesde el Instituto de las Mujeres trabajamos para escucharlas, acompa\u00f1arlas y brindarles herramientas que fortalezcan su confianza, su autonom\u00eda y su participaci\u00f3n en la comunidad\u201d, asegur\u00f3.<\/p>\n\n\n\n<p>Este tipo de actividades forman parte de las acciones que impulsa el Ayuntamiento, a trav\u00e9s del Instituto de las Mujeres, para promover entornos seguros, igualitarios y libres de violencia, donde cada ni\u00f1a pueda crecer con libertad y desarrollar todo su potencial.<\/p>\n\n\n\n<p>\u201cEn colaboraci\u00f3n con Save the Children, seguimos impulsando espacios de di\u00e1logo, aprendizaje y reflexi\u00f3n que inspiran a las ni\u00f1as a reconocer su voz como parte del cambio. Porque en M\u00e9rida, cada ni\u00f1a cuenta, y su voz tambi\u00e9n transforma el futuro de nuestra ciudad\u201d.<\/p>\n\n\n\n<p>Ejercer el derecho a la participaci\u00f3n es primordial para que las ni\u00f1as y adolescentes fortalezcan su poder de decisi\u00f3n y acci\u00f3n en sus entornos cotidianos: las familias, las escuelas, las comunidades, los grupos sociales y las instituciones de gobierno y representaci\u00f3n popular.<\/p>\n\n\n\n<p>Solo a trav\u00e9s del reconocimiento pleno de su derecho a participar y de la creaci\u00f3n de espacios seguros donde puedan ejercerlo, ser\u00e1 posible construir entornos libres de violencia y avanzar hacia una sociedad m\u00e1s justa, equitativa e incluyente, finaliz\u00f3 Yahayra.<\/p>\n","protected":false},"excerpt":{"rendered":"<p>M\u00c9RIDA, Yucat\u00e1n.- Save the Children y el Instituto de las Mujeres del Ayuntamiento de M\u00e9rida realizaron el primer Foro de \u201cNi\u00f1as Imparables\u201d con el objetivo de fortalecer la reflexi\u00f3n y<\/p>\n","protected":false},"author":2,"featured_media":135647,"comment_status":"open","ping_status":"open","sticky":false,"template":"","format":"standard","meta":{"jetpack_post_was_ever_published":false,"_jetpack_newsletter_access":"","_jetpack_dont_email_post_to_subs":false,"_jetpack_newsletter_tier_id":0,"_jetpack_memberships_contains_paywalled_content":false,"_jetpack_memberships_contains_paid_content":false,"footnotes":"","jetpack_publicize_message":"","jetpack_publicize_feature_enabled":true,"jetpack_social_post_already_shared":true,"jetpack_social_options":{"image_generator_settings":{"template":"highway","default_image_id":0,"font":"","enabled":false},"version":2}},"categories":[1],"tags":[],"class_list":["post-135645","post","type-post","status-publish","format-standard","has-post-thumbnail","hentry","category-sin-categoria"],"jetpack_publicize_connections":[],"jetpack_featured_media_url":"https:\/\/formalprision.com\/wp-content\/uploads\/2025\/10\/WhatsApp-Image-2025-10-22-at-6.14.39-PM.jpeg","jetpack_sharing_enabled":true,"jetpack_shortlink":"https:\/\/wp.me\/p6id8p-zhP","_links":{"self":[{"href":"https:\/\/formalprision.com\/index.php?rest_route=\/wp\/v2\/posts\/135645","targetHints":{"allow":["GET"]}}],"collection":[{"href":"https:\/\/formalprision.com\/index.php?rest_route=\/wp\/v2\/posts"}],"about":[{"href":"https:\/\/formalprision.com\/index.php?rest_route=\/wp\/v2\/types\/post"}],"author":[{"embeddable":true,"href":"https:\/\/formalprision.com\/index.php?rest_route=\/wp\/v2\/users\/2"}],"replies":[{"embeddable":true,"href":"https:\/\/formalprision.com\/index.php?rest_route=%2Fwp%2Fv2%2Fcomments&post=135645"}],"version-history":[{"count":1,"href":"https:\/\/formalprision.com\/index.php?rest_route=\/wp\/v2\/posts\/135645\/revisions"}],"predecessor-version":[{"id":135646,"href":"https:\/\/formalprision.com\/index.php?rest_route=\/wp\/v2\/posts\/135645\/revisions\/135646"}],"wp:featuredmedia":[{"embeddable":true,"href":"https:\/\/formalprision.com\/index.php?rest_route=\/wp\/v2\/media\/135647"}],"wp:attachment":[{"href":"https:\/\/formalprision.com\/index.php?rest_route=%2Fwp%2Fv2%2Fmedia&parent=135645"}],"wp:term":[{"taxonomy":"category","embeddable":true,"href":"https:\/\/formalprision.com\/index.php?rest_route=%2Fwp%2Fv2%2Fcategories&post=135645"},{"taxonomy":"post_tag","embeddable":true,"href":"https:\/\/formalprision.com\/index.php?rest_route=%2Fwp%2Fv2%2Ftags&post=135645"}],"curies":[{"name":"wp","href":"https:\/\/api.w.org\/{rel}","templated":true}]}}