{"id":135651,"date":"2025-10-22T22:46:43","date_gmt":"2025-10-23T03:46:43","guid":{"rendered":"https:\/\/formalprision.com\/?p=135651"},"modified":"2025-10-23T21:48:14","modified_gmt":"2025-10-24T02:48:14","slug":"se-lanza-desde-el-segundo-piso-de-un-conalep-en-cancun-presuntamente-por-bullying","status":"publish","type":"post","link":"https:\/\/formalprision.com\/?p=135651","title":{"rendered":"Se lanza desde el segundo piso de un Conalep en Canc\u00fan, presuntamente por bullying"},"content":{"rendered":"\n<p>CANC\u00daN, Quintana Roo.- En el plantel Conalep Canc\u00fan 4, un estudiante se avent\u00f3 del segundo piso del edificio escolar, presuntamente como consecuencia de sufrir bullying por parte de sus compa\u00f1eros.<\/p>\n\n\n\n<p>Esta versi\u00f3n fue dada a conocer por los mismos estudiantes, sin embargo, m\u00e1s tarde el personal educativo inform\u00f3 a las autoridades que el joven hab\u00eda sufrido una crisis nerviosa cuando se encontraba en el receso.<\/p>\n\n\n\n<p>De acuerdo con los testimonios de alumnos del turno matutino, el joven se lanz\u00f3 en dos ocasiones, ante la mirada at\u00f3nita de sus compa\u00f1eros, quienes alcanzaron a grabar lo ocurrido antes de que personal escolar les retirara los tel\u00e9fonos para evitar la difusi\u00f3n de los videos.<\/p>\n\n\n\n<p>Los estudiantes mencionaron que algunos profesores evitaron que los compa\u00f1eros del joven pidieran auxilio a los servicios de emergencia, presuntamente para evitar que el caso trascendiera y afectara la imagen del plantel situado en la regi\u00f3n 249, del fraccionamiento Privadas Sacb\u00e9.<\/p>\n\n\n\n<p>Al siti\u00f3 lleg\u00f3 una ambulancia de la Cruz Roja, cuyos param\u00e9dicos trasladaron al estudiante al Hospital General para que recibiera atenci\u00f3n m\u00e9dica lo antes posible.<\/p>\n\n\n\n<p>Hasta el momento, no se ha emitido una postura oficial por parte de las autoridades del Conalep ni de la Secretar\u00eda de Educaci\u00f3n.<\/p>\n","protected":false},"excerpt":{"rendered":"<p>CANC\u00daN, Quintana Roo.- En el plantel Conalep Canc\u00fan 4, un estudiante se avent\u00f3 del segundo piso del edificio escolar, presuntamente como consecuencia de sufrir bullying por parte de sus compa\u00f1eros.<\/p>\n","protected":false},"author":2,"featured_media":135653,"comment_status":"open","ping_status":"open","sticky":false,"template":"","format":"standard","meta":{"jetpack_post_was_ever_published":false,"_jetpack_newsletter_access":"","_jetpack_dont_email_post_to_subs":false,"_jetpack_newsletter_tier_id":0,"_jetpack_memberships_contains_paywalled_content":false,"_jetpack_memberships_contains_paid_content":false,"footnotes":"","jetpack_publicize_message":"","jetpack_publicize_feature_enabled":true,"jetpack_social_post_already_shared":true,"jetpack_social_options":{"image_generator_settings":{"template":"highway","default_image_id":0,"font":"","enabled":false},"version":2}},"categories":[23,21],"tags":[],"class_list":["post-135651","post","type-post","status-publish","format-standard","has-post-thumbnail","hentry","category-del-mundo","category-nacionales"],"jetpack_publicize_connections":[],"jetpack_featured_media_url":"https:\/\/formalprision.com\/wp-content\/uploads\/2025\/10\/cona.jpg","jetpack_sharing_enabled":true,"jetpack_shortlink":"https:\/\/wp.me\/p6id8p-zhV","_links":{"self":[{"href":"https:\/\/formalprision.com\/index.php?rest_route=\/wp\/v2\/posts\/135651","targetHints":{"allow":["GET"]}}],"collection":[{"href":"https:\/\/formalprision.com\/index.php?rest_route=\/wp\/v2\/posts"}],"about":[{"href":"https:\/\/formalprision.com\/index.php?rest_route=\/wp\/v2\/types\/post"}],"author":[{"embeddable":true,"href":"https:\/\/formalprision.com\/index.php?rest_route=\/wp\/v2\/users\/2"}],"replies":[{"embeddable":true,"href":"https:\/\/formalprision.com\/index.php?rest_route=%2Fwp%2Fv2%2Fcomments&post=135651"}],"version-history":[{"count":1,"href":"https:\/\/formalprision.com\/index.php?rest_route=\/wp\/v2\/posts\/135651\/revisions"}],"predecessor-version":[{"id":135652,"href":"https:\/\/formalprision.com\/index.php?rest_route=\/wp\/v2\/posts\/135651\/revisions\/135652"}],"wp:featuredmedia":[{"embeddable":true,"href":"https:\/\/formalprision.com\/index.php?rest_route=\/wp\/v2\/media\/135653"}],"wp:attachment":[{"href":"https:\/\/formalprision.com\/index.php?rest_route=%2Fwp%2Fv2%2Fmedia&parent=135651"}],"wp:term":[{"taxonomy":"category","embeddable":true,"href":"https:\/\/formalprision.com\/index.php?rest_route=%2Fwp%2Fv2%2Fcategories&post=135651"},{"taxonomy":"post_tag","embeddable":true,"href":"https:\/\/formalprision.com\/index.php?rest_route=%2Fwp%2Fv2%2Ftags&post=135651"}],"curies":[{"name":"wp","href":"https:\/\/api.w.org\/{rel}","templated":true}]}}