{"id":135663,"date":"2025-10-23T17:21:15","date_gmt":"2025-10-23T22:21:15","guid":{"rendered":"https:\/\/formalprision.com\/?p=135663"},"modified":"2025-10-23T21:47:15","modified_gmt":"2025-10-24T02:47:15","slug":"fortalecen-innovacion-agricola-en-yucatan-con-expo-pro-agro-innovacion-2025","status":"publish","type":"post","link":"https:\/\/formalprision.com\/?p=135663","title":{"rendered":"Fortalecen innovaci\u00f3n agr\u00edcola en Yucat\u00e1n con Expo Pro Agro Innovaci\u00f3n 2025"},"content":{"rendered":"\n<p>M\u00e9rida, Yucat\u00e1n, a 23 de octubre de 2025.-El gobernador Joaqu\u00edn D\u00edaz Mena inaugur\u00f3 la Expo Pro Agro Innovaci\u00f3n 2025, un evento que fortalece al campo yucateco como motor del desarrollo econ\u00f3mico y la sostenibilidad del estado, al reunir a productores, empresarios y especialistas nacionales e internacionales para intercambiar experiencias, promover nuevas tecnolog\u00edas y fortalecer la innovaci\u00f3n agroindustrial.<br>&nbsp;<br>La Expo se celebra del 23 al 25 de octubre, en el Centro de Convenciones Yucat\u00e1n Siglo XXI, El evento proyecta una destacada participaci\u00f3n empresarial, con m\u00e1s de 100 expositores, 12 conferencias magistrales y reuniones de negocios que podr\u00edan generar transacciones promedio de 30 mil d\u00f3lares cada una.<\/p>\n\n\n\n<p>En su turno, el embajador de la Rep\u00fablica de Panam\u00e1 en M\u00e9xico, Abraham Mart\u00ednez Montilla, anunci\u00f3 que la Expo Innovaci\u00f3n 2026 se realizar\u00e1 durante el primer semestre del pr\u00f3ximo a\u00f1o en Panam\u00e1 y el segundo en Yucat\u00e1n, consolidando un futuro com\u00fan entre ambas regiones.<br>&nbsp;<\/p>\n","protected":false},"excerpt":{"rendered":"<p>M\u00e9rida, Yucat\u00e1n, a 23 de octubre de 2025.-El gobernador Joaqu\u00edn D\u00edaz Mena inaugur\u00f3 la Expo Pro Agro Innovaci\u00f3n 2025, un evento que fortalece al campo yucateco como motor del desarrollo<\/p>\n","protected":false},"author":1,"featured_media":135666,"comment_status":"open","ping_status":"open","sticky":false,"template":"","format":"standard","meta":{"jetpack_post_was_ever_published":false,"_jetpack_newsletter_access":"","_jetpack_dont_email_post_to_subs":false,"_jetpack_newsletter_tier_id":0,"_jetpack_memberships_contains_paywalled_content":false,"_jetpack_memberships_contains_paid_content":false,"footnotes":"","jetpack_publicize_message":"","jetpack_publicize_feature_enabled":true,"jetpack_social_post_already_shared":true,"jetpack_social_options":{"image_generator_settings":{"template":"highway","default_image_id":0,"font":"","enabled":false},"version":2}},"categories":[54],"tags":[],"class_list":["post-135663","post","type-post","status-publish","format-standard","has-post-thumbnail","hentry","category-yucatan"],"jetpack_publicize_connections":[],"jetpack_featured_media_url":"https:\/\/formalprision.com\/wp-content\/uploads\/2025\/10\/IMG-20251023-WA0076.jpg","jetpack_sharing_enabled":true,"jetpack_shortlink":"https:\/\/wp.me\/p6id8p-zi7","_links":{"self":[{"href":"https:\/\/formalprision.com\/index.php?rest_route=\/wp\/v2\/posts\/135663","targetHints":{"allow":["GET"]}}],"collection":[{"href":"https:\/\/formalprision.com\/index.php?rest_route=\/wp\/v2\/posts"}],"about":[{"href":"https:\/\/formalprision.com\/index.php?rest_route=\/wp\/v2\/types\/post"}],"author":[{"embeddable":true,"href":"https:\/\/formalprision.com\/index.php?rest_route=\/wp\/v2\/users\/1"}],"replies":[{"embeddable":true,"href":"https:\/\/formalprision.com\/index.php?rest_route=%2Fwp%2Fv2%2Fcomments&post=135663"}],"version-history":[{"count":1,"href":"https:\/\/formalprision.com\/index.php?rest_route=\/wp\/v2\/posts\/135663\/revisions"}],"predecessor-version":[{"id":135665,"href":"https:\/\/formalprision.com\/index.php?rest_route=\/wp\/v2\/posts\/135663\/revisions\/135665"}],"wp:featuredmedia":[{"embeddable":true,"href":"https:\/\/formalprision.com\/index.php?rest_route=\/wp\/v2\/media\/135666"}],"wp:attachment":[{"href":"https:\/\/formalprision.com\/index.php?rest_route=%2Fwp%2Fv2%2Fmedia&parent=135663"}],"wp:term":[{"taxonomy":"category","embeddable":true,"href":"https:\/\/formalprision.com\/index.php?rest_route=%2Fwp%2Fv2%2Fcategories&post=135663"},{"taxonomy":"post_tag","embeddable":true,"href":"https:\/\/formalprision.com\/index.php?rest_route=%2Fwp%2Fv2%2Ftags&post=135663"}],"curies":[{"name":"wp","href":"https:\/\/api.w.org\/{rel}","templated":true}]}}