{"id":135670,"date":"2025-10-23T19:37:53","date_gmt":"2025-10-24T00:37:53","guid":{"rendered":"https:\/\/formalprision.com\/?p=135670"},"modified":"2025-11-07T23:18:45","modified_gmt":"2025-11-08T04:18:45","slug":"cecilia-patron-presenta-la-playera-medalla-y-ruta-del-marathon-merida-banorte-2026","status":"publish","type":"post","link":"https:\/\/formalprision.com\/?p=135670","title":{"rendered":"Cecilia Patr\u00f3n presenta la playera, medalla y ruta del Marat\u2019hon M\u00e9rida-Banorte 2026"},"content":{"rendered":"\n<p>M\u00c9RIDA, Yucat\u00e1n.- La presidenta municipal de M\u00e9rida, Cecilia Patr\u00f3n Laviada, encabez\u00f3 la presentaci\u00f3n oficial de la playera, medalla y ruta del Marat\u2019hon M\u00e9rida Banorte 2026, evento que se ha consolidado como una de las competencias deportivas m\u00e1s importantes del sureste.<\/p>\n\n\n\n<p>La alcaldesa destac\u00f3 que esta justa atl\u00e9tica, adem\u00e1s de una competencia, es una oportunidad para unir a la comunidad y apoyar a quienes m\u00e1s lo necesitan promoviendo la inclusi\u00f3n y la cohesi\u00f3n social.<\/p>\n\n\n\n<p>\u201cEste es un espacio que fortalece el sentido de comunidad y eso es lo que buscamos en todas las acciones que hacemos en este Ayuntamiento, es fortalecer la identidad, es fortalecer el sentido de pertenencia, el sentido de comunidad, porque eso nos lleva a ser una ciudad segura que es algo que amamos y que vivimos intensamente\u201d, expres\u00f3.<\/p>\n\n\n\n<p>Cecilia mencion\u00f3 que para este a\u00f1o tanto la playera como la medalla tienen como s\u00edmbolo principal la imagen del \u00e1rbol de ceiba. Otra de las innovaciones es el Marat\u00f3n con causa, que convierte cada kil\u00f3metro recorrido en un apoyo directo a tres asociaciones: Construyendo Sonrisas, \u00cbqure y El Refettorio M\u00e9rida.<\/p>\n\n\n\n<p>Tambi\u00e9n, anunci\u00f3 que se contempla un descuento del 30 por ciento para personas con discapacidad, con el objetivo de fomentar la inclusi\u00f3n, la igualdad y la visibilidad de estas personas. Para acceder a este descuento, s\u00f3lo se requiere una constancia de diagn\u00f3stico o certificado de discapacidad del DIF.<\/p>\n\n\n\n<p>\u00abEstamos comprometidos con la seguridad y el bienestar de todos los participantes\u00bb, enfatiz\u00f3 la presidenta municipal. \u00abQueremos que todos disfruten de esta experiencia deportiva y se sientan orgullosos de ser parte de esta gran celebraci\u00f3n\u00bb, mencion\u00f3.<\/p>\n\n\n\n<p>En la rueda de prensa, Jes\u00fas P\u00e9rez Ballote, director de Bienestar Humano, inform\u00f3 que la ruta del Marat\u2019hon comprender\u00e1 cuatro distancias: Marat\u00f3n (42.195 km), Medio Marat\u00f3n (21.097 km), Carrera 10 km y Caminata 3 km. La duraci\u00f3n m\u00e1xima ser\u00e1 de 6 horas con 30 minutos, con el fin de salvaguardar la integridad de todos los participantes.<\/p>\n\n\n\n<p>Inform\u00f3 que hasta el momento se han registrado 2 mil 410 participantes en las distintas categor\u00edas. La meta es alcanzar los 5 mil corredores.<\/p>\n\n\n\n<p>Detall\u00f3 que los corredores tienen hasta el 30 de noviembre para aprovechar las cuotas preferenciales en la inscripci\u00f3n que son: 650 pesos para las carreras de 42 y 21 kil\u00f3metros; 400 pesos para los 10 kil\u00f3metros y 300 pesos para la caminata recreativa de 3 kil\u00f3metros. La entrega de los kits se realizar\u00e1 el 3 de enero, de nueve de la ma\u00f1ana a cinco de la tarde, en el Centro de Convenciones Siglo XXI, salones Uxmal 1 y 2.<\/p>\n\n\n\n<p>Asimismo, el s\u00e1bado 29 de noviembre, se llevar\u00e1 a cabo el Social Run en el Paseo de Montejo, este espacio tiene como prop\u00f3sito que los corredores y corredoras se re\u00fanan y compartan su pasi\u00f3n por el deporte. Para m\u00e1s detalles, sobre esta actividad pueden comunicarse al WhatsApp 999 2 65 22 27.<\/p>\n\n\n\n<p>Para m\u00e1s informaci\u00f3n sobre el Marat\u2019hon M\u00e9rida Banorte 2026, las y los interesados pueden ingresar al sitio web: https:\/\/marathonmerida.dashport.run\/<\/p>\n\n\n\n<p>Entre los asistentes estuvieron Ricardo Compean Ortega, director Regional de Zona en Banorte; Sayda Rodr\u00edguez G\u00f3mez, diputada Local por el IX Distrito; Imelda Huerta G\u00f3ngora, representante de Carreras en Yucat\u00e1n; David Dillanes, representante de Bepensa; Andr\u00e9s Herrera Figueroa, director de Vive Deporte; Armando Casares Espinosa, secretario t\u00e9cnico de Turismo, e Iv\u00e1n Herrera Rosiles, subdirector de Deportes.<\/p>\n","protected":false},"excerpt":{"rendered":"<p>M\u00c9RIDA, Yucat\u00e1n.- La presidenta municipal de M\u00e9rida, Cecilia Patr\u00f3n Laviada, encabez\u00f3 la presentaci\u00f3n oficial de la playera, medalla y ruta del Marat\u2019hon M\u00e9rida Banorte 2026, evento que se ha consolidado<\/p>\n","protected":false},"author":2,"featured_media":135672,"comment_status":"open","ping_status":"open","sticky":false,"template":"","format":"standard","meta":{"jetpack_post_was_ever_published":false,"_jetpack_newsletter_access":"","_jetpack_dont_email_post_to_subs":false,"_jetpack_newsletter_tier_id":0,"_jetpack_memberships_contains_paywalled_content":false,"_jetpack_memberships_contains_paid_content":false,"footnotes":"","jetpack_publicize_message":"","jetpack_publicize_feature_enabled":true,"jetpack_social_post_already_shared":true,"jetpack_social_options":{"image_generator_settings":{"template":"highway","default_image_id":0,"font":"","enabled":false},"version":2}},"categories":[4,14],"tags":[],"class_list":["post-135670","post","type-post","status-publish","format-standard","has-post-thumbnail","hentry","category-deportes","category-merida"],"jetpack_publicize_connections":[],"jetpack_featured_media_url":"https:\/\/formalprision.com\/wp-content\/uploads\/2025\/10\/WhatsApp-Image-2025-10-23-at-5.19.06-PM1.jpeg","jetpack_sharing_enabled":true,"jetpack_shortlink":"https:\/\/wp.me\/p6id8p-zie","_links":{"self":[{"href":"https:\/\/formalprision.com\/index.php?rest_route=\/wp\/v2\/posts\/135670","targetHints":{"allow":["GET"]}}],"collection":[{"href":"https:\/\/formalprision.com\/index.php?rest_route=\/wp\/v2\/posts"}],"about":[{"href":"https:\/\/formalprision.com\/index.php?rest_route=\/wp\/v2\/types\/post"}],"author":[{"embeddable":true,"href":"https:\/\/formalprision.com\/index.php?rest_route=\/wp\/v2\/users\/2"}],"replies":[{"embeddable":true,"href":"https:\/\/formalprision.com\/index.php?rest_route=%2Fwp%2Fv2%2Fcomments&post=135670"}],"version-history":[{"count":1,"href":"https:\/\/formalprision.com\/index.php?rest_route=\/wp\/v2\/posts\/135670\/revisions"}],"predecessor-version":[{"id":135671,"href":"https:\/\/formalprision.com\/index.php?rest_route=\/wp\/v2\/posts\/135670\/revisions\/135671"}],"wp:featuredmedia":[{"embeddable":true,"href":"https:\/\/formalprision.com\/index.php?rest_route=\/wp\/v2\/media\/135672"}],"wp:attachment":[{"href":"https:\/\/formalprision.com\/index.php?rest_route=%2Fwp%2Fv2%2Fmedia&parent=135670"}],"wp:term":[{"taxonomy":"category","embeddable":true,"href":"https:\/\/formalprision.com\/index.php?rest_route=%2Fwp%2Fv2%2Fcategories&post=135670"},{"taxonomy":"post_tag","embeddable":true,"href":"https:\/\/formalprision.com\/index.php?rest_route=%2Fwp%2Fv2%2Ftags&post=135670"}],"curies":[{"name":"wp","href":"https:\/\/api.w.org\/{rel}","templated":true}]}}