{"id":135683,"date":"2025-10-24T07:52:51","date_gmt":"2025-10-24T12:52:51","guid":{"rendered":"https:\/\/formalprision.com\/?p=135683"},"modified":"2025-10-25T08:07:41","modified_gmt":"2025-10-25T13:07:41","slug":"alcalde-queria-lucirse-con-el-pueblo-y-su-hazana-casi-termina-en-tragedia","status":"publish","type":"post","link":"https:\/\/formalprision.com\/?p=135683","title":{"rendered":"Alcalde queria lucirse con el pueblo y su \u00abhaza\u00f1a\u00bb casi termina en tragedia"},"content":{"rendered":"\n<p>Emiliano Zapata, #Morelos.\u2013 Lo que deb\u00eda ser un arranque de obra hist\u00f3rico termin\u00f3 convirti\u00e9ndose en un episodio digno de una pel\u00edcula de comedia, cuando el alcalde Santos Tavares Garc\u00eda decidi\u00f3 subirse a una retroexcavadora para \u201cdar el banderazo\u201d\u2026 pero sin saber manejarla.<\/p>\n\n\n\n<p>El edil, en su af\u00e1n de mostrar m\u00fasculo obrero, maniobr\u00f3 mal la m\u00e1quina y termin\u00f3 derribando un poste de luz, el cual cay\u00f3 a pocos metros de vecinos y trabajadores municipales. Por fortuna, no hubo heridos, aunque varios presentes sufrieron crisis nerviosas y el susto del a\u00f1o.<\/p>\n\n\n\n<p>Testigos afirman que tras el percance, el director de Comunicaci\u00f3n Social, Geovanni Casta\u00f1eda Villazana, orden\u00f3 borrar la transmisi\u00f3n en vivo del Ayuntamiento donde qued\u00f3 grabado el momento\u2026 pero ya era tarde: los videos se viralizaron m\u00e1s r\u00e1pido que la propia inauguraci\u00f3n.<\/p>\n\n\n\n<p>M\u00e9dicos atendieron a las personas afectadas por el susto, mientras algunos vecinos no pudieron contener la risa y soltaron frases como:<br>\u201c\u00a1Ya ven, por eso no cualquiera maneja el progreso!\u201d<\/p>\n\n\n\n<p>Moraleja: cuando el alcalde diga que va a mover al municipio\u2026 esperemos que no sea con una retroexcavadora.<\/p>\n","protected":false},"excerpt":{"rendered":"<p>Emiliano Zapata, #Morelos.\u2013 Lo que deb\u00eda ser un arranque de obra hist\u00f3rico termin\u00f3 convirti\u00e9ndose en un episodio digno de una pel\u00edcula de comedia, cuando el alcalde Santos Tavares Garc\u00eda decidi\u00f3<\/p>\n","protected":false},"author":1,"featured_media":135684,"comment_status":"open","ping_status":"open","sticky":false,"template":"","format":"standard","meta":{"jetpack_post_was_ever_published":false,"_jetpack_newsletter_access":"","_jetpack_dont_email_post_to_subs":false,"_jetpack_newsletter_tier_id":0,"_jetpack_memberships_contains_paywalled_content":false,"_jetpack_memberships_contains_paid_content":false,"footnotes":"","jetpack_publicize_message":"","jetpack_publicize_feature_enabled":true,"jetpack_social_post_already_shared":true,"jetpack_social_options":{"image_generator_settings":{"template":"highway","default_image_id":0,"font":"","enabled":false},"version":2}},"categories":[23,21],"tags":[],"class_list":["post-135683","post","type-post","status-publish","format-standard","has-post-thumbnail","hentry","category-del-mundo","category-nacionales"],"jetpack_publicize_connections":[],"jetpack_featured_media_url":"https:\/\/formalprision.com\/wp-content\/uploads\/2025\/10\/20251024_062108.jpg","jetpack_sharing_enabled":true,"jetpack_shortlink":"https:\/\/wp.me\/p6id8p-zir","_links":{"self":[{"href":"https:\/\/formalprision.com\/index.php?rest_route=\/wp\/v2\/posts\/135683","targetHints":{"allow":["GET"]}}],"collection":[{"href":"https:\/\/formalprision.com\/index.php?rest_route=\/wp\/v2\/posts"}],"about":[{"href":"https:\/\/formalprision.com\/index.php?rest_route=\/wp\/v2\/types\/post"}],"author":[{"embeddable":true,"href":"https:\/\/formalprision.com\/index.php?rest_route=\/wp\/v2\/users\/1"}],"replies":[{"embeddable":true,"href":"https:\/\/formalprision.com\/index.php?rest_route=%2Fwp%2Fv2%2Fcomments&post=135683"}],"version-history":[{"count":1,"href":"https:\/\/formalprision.com\/index.php?rest_route=\/wp\/v2\/posts\/135683\/revisions"}],"predecessor-version":[{"id":135685,"href":"https:\/\/formalprision.com\/index.php?rest_route=\/wp\/v2\/posts\/135683\/revisions\/135685"}],"wp:featuredmedia":[{"embeddable":true,"href":"https:\/\/formalprision.com\/index.php?rest_route=\/wp\/v2\/media\/135684"}],"wp:attachment":[{"href":"https:\/\/formalprision.com\/index.php?rest_route=%2Fwp%2Fv2%2Fmedia&parent=135683"}],"wp:term":[{"taxonomy":"category","embeddable":true,"href":"https:\/\/formalprision.com\/index.php?rest_route=%2Fwp%2Fv2%2Fcategories&post=135683"},{"taxonomy":"post_tag","embeddable":true,"href":"https:\/\/formalprision.com\/index.php?rest_route=%2Fwp%2Fv2%2Ftags&post=135683"}],"curies":[{"name":"wp","href":"https:\/\/api.w.org\/{rel}","templated":true}]}}