{"id":135689,"date":"2025-10-24T19:47:35","date_gmt":"2025-10-25T00:47:35","guid":{"rendered":"https:\/\/formalprision.com\/?p=135689"},"modified":"2025-10-25T23:05:38","modified_gmt":"2025-10-26T04:05:38","slug":"sorprende-el-actor-justin-berfield-en-su-regreso-a-malcolm-el-de-en-medio","status":"publish","type":"post","link":"https:\/\/formalprision.com\/?p=135689","title":{"rendered":"Sorprende el actor Justin Berfield en su regreso a Malcolm el de en medio"},"content":{"rendered":"\n<p>La popular serie Malcolm el de en medio estrenar\u00e1 este a\u00f1o una nueva temporada, 20 a\u00f1os despu\u00e9s de su \u00faltimo cap\u00edtulo.<\/p>\n\n\n\n<p>\u201cLa vida sigue siendo injusta\u201d traer\u00e1 de regreso a los hermanos Malcolm, Reese, Francis, Dewey y Jamie, y a sus padres Hal y Lois.<\/p>\n\n\n\n<p>Frankie Muniz, quien da vida a Malcolm, public\u00f3 una fotograf\u00eda junto a Justin Berfield (Reese) y Christopher Masterson (Francis).<\/p>\n\n\n\n<p>La imagen caus\u00f3 revuelo en redes sociales, no solo por el pr\u00f3ximo estreno de la nueva temporada sino tambi\u00e9n por la apariencia de \u2018Reese&#8217;.<\/p>\n\n\n\n<p>Mientras que Muniz y Masterson lucen muy parecidos a cuando termin\u00f3 la serie, Berfield se ve distinto.<\/p>\n\n\n\n<p>Una de las principales razones, adem\u00e1s de su edad, podr\u00eda ser su peinado, ya que ahora tiene el cabello corto.<\/p>\n\n\n\n<p>\u00bfQui\u00e9n es Justin Berfield, actor de \u2018Reese\u2019?<\/p>\n\n\n\n<p>Justin Tyler Berfield es un actor, escritor y productor estadounidense.<\/p>\n\n\n\n<p>Si bien actu\u00f3 en Malcolm el de en medio cuando era tan solo un adolescente, actualmente tiene 39 a\u00f1os.<\/p>\n\n\n\n<p>Despu\u00e9s de la exitosa serie de Fox, Berfield tuvo una participaci\u00f3n especial en la comedia Hijos de Tucson, de la que produjo 10 episodios.<\/p>\n\n\n\n<p>Tambi\u00e9n prest\u00f3 su voz para las caricaturas Kim Possible y Los Padrinos M\u00e1gicos.<\/p>\n\n\n\n<p>Y actu\u00f3 en la cinta Arma Blanca, mientras que como productor particip\u00f3 en Una se\u00f1al invisible y como coproductor en Cigarros y romance.<\/p>\n\n\n\n<p>Su carrera en cine y televisi\u00f3n la ha combinado con el sector inmobiliario al dedicarse a las inversiones en bienes ra\u00edces.<\/p>\n\n\n\n<p>En el plano personal se cas\u00f3 en 2017 y a\u00f1os despu\u00e9s, en medio de la pandemia de COVID-19, tuvo a su primer hijo.<\/p>\n\n\n\n<p>\u00bfCu\u00e1ndo se estrena la nueva temporada de Malcolm el de en medio?<\/p>\n\n\n\n<p>La nueva temporada de Malcolm el de en medio se titular\u00e1 \u2018La vida sigue siendo injusta\u2019.<\/p>\n\n\n\n<p>Constar\u00e1 de cuatro cap\u00edtulos de 30 minutos cada uno, en los que revelar\u00e1 la vida de los Wilkerson en los \u00faltimos 20 a\u00f1os.<\/p>\n\n\n\n<p>Se estrenar\u00e1 exclusivamente en Disney+, en diciembre de 2025.<\/p>\n\n\n\n<p>Mientras que Hal y Lois, as\u00ed como los hermanos Malcolm, Reese y Francis volver\u00e1n a ser interpretados por los actores originales, habr\u00e1 cambios para Dewey y Jamie.<\/p>\n\n\n\n<p>Jamie, el hermano menor, fue interpretado en su momento por los gemelos James y Lukas Rodr\u00edguez. Pero ahora ser\u00e1 interpretado por Anthony Timpano, actor canadiense de Riverdale.<\/p>\n\n\n\n<p>En el caso de Dewey, el actor Erik Per Sullivan declin\u00f3 participar en la nueva temporada, al haber dejado la actuaci\u00f3n definitivamente en 2010.<\/p>\n","protected":false},"excerpt":{"rendered":"<p>La popular serie Malcolm el de en medio estrenar\u00e1 este a\u00f1o una nueva temporada, 20 a\u00f1os despu\u00e9s de su \u00faltimo cap\u00edtulo. \u201cLa vida sigue siendo injusta\u201d traer\u00e1 de regreso a<\/p>\n","protected":false},"author":2,"featured_media":135691,"comment_status":"open","ping_status":"open","sticky":false,"template":"","format":"standard","meta":{"jetpack_post_was_ever_published":false,"_jetpack_newsletter_access":"","_jetpack_dont_email_post_to_subs":false,"_jetpack_newsletter_tier_id":0,"_jetpack_memberships_contains_paywalled_content":false,"_jetpack_memberships_contains_paid_content":false,"footnotes":"","jetpack_publicize_message":"","jetpack_publicize_feature_enabled":true,"jetpack_social_post_already_shared":true,"jetpack_social_options":{"image_generator_settings":{"template":"highway","default_image_id":0,"font":"","enabled":false},"version":2}},"categories":[23],"tags":[],"class_list":["post-135689","post","type-post","status-publish","format-standard","has-post-thumbnail","hentry","category-del-mundo"],"jetpack_publicize_connections":[],"jetpack_featured_media_url":"https:\/\/formalprision.com\/wp-content\/uploads\/2025\/10\/actores-de-malcolm-el-de-en-medio.jpg","jetpack_sharing_enabled":true,"jetpack_shortlink":"https:\/\/wp.me\/p6id8p-zix","_links":{"self":[{"href":"https:\/\/formalprision.com\/index.php?rest_route=\/wp\/v2\/posts\/135689","targetHints":{"allow":["GET"]}}],"collection":[{"href":"https:\/\/formalprision.com\/index.php?rest_route=\/wp\/v2\/posts"}],"about":[{"href":"https:\/\/formalprision.com\/index.php?rest_route=\/wp\/v2\/types\/post"}],"author":[{"embeddable":true,"href":"https:\/\/formalprision.com\/index.php?rest_route=\/wp\/v2\/users\/2"}],"replies":[{"embeddable":true,"href":"https:\/\/formalprision.com\/index.php?rest_route=%2Fwp%2Fv2%2Fcomments&post=135689"}],"version-history":[{"count":1,"href":"https:\/\/formalprision.com\/index.php?rest_route=\/wp\/v2\/posts\/135689\/revisions"}],"predecessor-version":[{"id":135690,"href":"https:\/\/formalprision.com\/index.php?rest_route=\/wp\/v2\/posts\/135689\/revisions\/135690"}],"wp:featuredmedia":[{"embeddable":true,"href":"https:\/\/formalprision.com\/index.php?rest_route=\/wp\/v2\/media\/135691"}],"wp:attachment":[{"href":"https:\/\/formalprision.com\/index.php?rest_route=%2Fwp%2Fv2%2Fmedia&parent=135689"}],"wp:term":[{"taxonomy":"category","embeddable":true,"href":"https:\/\/formalprision.com\/index.php?rest_route=%2Fwp%2Fv2%2Fcategories&post=135689"},{"taxonomy":"post_tag","embeddable":true,"href":"https:\/\/formalprision.com\/index.php?rest_route=%2Fwp%2Fv2%2Ftags&post=135689"}],"curies":[{"name":"wp","href":"https:\/\/api.w.org\/{rel}","templated":true}]}}