{"id":135692,"date":"2025-10-24T19:56:56","date_gmt":"2025-10-25T00:56:56","guid":{"rendered":"https:\/\/formalprision.com\/?p=135692"},"modified":"2025-10-25T23:05:21","modified_gmt":"2025-10-26T04:05:21","slug":"nina-excepcional-es-albina-y-tiene-los-ojos-de-distinto-color","status":"publish","type":"post","link":"https:\/\/formalprision.com\/?p=135692","title":{"rendered":"Ni\u00f1a excepcional: Es albina y tiene los ojos de distinto color"},"content":{"rendered":"\n<p>Amina Ependieva, una ni\u00f1a de 11 a\u00f1os originaria de Chechenia, naci\u00f3 con dos condiciones gen\u00e9ticas excepcionales: albinismo (falta parcial o total de melanina en piel, cabello y ojos) y heterocrom\u00eda, un rasgo que hace que cada ojo tenga un color distinto.<\/p>\n\n\n\n<p>Estas combinaciones son extremadamente raras \u2014se estima que el albinismo afecta a una de cada 20.000 personas, y la heterocrom\u00eda completa a menos del 1 % de la poblaci\u00f3n\u2014. Tener ambas al mismo tiempo es casi \u00fanico.<\/p>\n\n\n\n<p>En el caso de Amina, su aspecto ha sido considerado como una belleza \u00fanica, celebrada por fot\u00f3grafos y medios internacionales como una expresi\u00f3n de la diversidad gen\u00e9tica y la belleza no convencional.<\/p>\n","protected":false},"excerpt":{"rendered":"<p>Amina Ependieva, una ni\u00f1a de 11 a\u00f1os originaria de Chechenia, naci\u00f3 con dos condiciones gen\u00e9ticas excepcionales: albinismo (falta parcial o total de melanina en piel, cabello y ojos) y heterocrom\u00eda,<\/p>\n","protected":false},"author":2,"featured_media":135694,"comment_status":"open","ping_status":"open","sticky":false,"template":"","format":"standard","meta":{"jetpack_post_was_ever_published":false,"_jetpack_newsletter_access":"","_jetpack_dont_email_post_to_subs":false,"_jetpack_newsletter_tier_id":0,"_jetpack_memberships_contains_paywalled_content":false,"_jetpack_memberships_contains_paid_content":false,"footnotes":"","jetpack_publicize_message":"","jetpack_publicize_feature_enabled":true,"jetpack_social_post_already_shared":true,"jetpack_social_options":{"image_generator_settings":{"template":"highway","default_image_id":0,"font":"","enabled":false},"version":2}},"categories":[23],"tags":[],"class_list":["post-135692","post","type-post","status-publish","format-standard","has-post-thumbnail","hentry","category-del-mundo"],"jetpack_publicize_connections":[],"jetpack_featured_media_url":"https:\/\/formalprision.com\/wp-content\/uploads\/2025\/10\/amina.jpg","jetpack_sharing_enabled":true,"jetpack_shortlink":"https:\/\/wp.me\/p6id8p-ziA","_links":{"self":[{"href":"https:\/\/formalprision.com\/index.php?rest_route=\/wp\/v2\/posts\/135692","targetHints":{"allow":["GET"]}}],"collection":[{"href":"https:\/\/formalprision.com\/index.php?rest_route=\/wp\/v2\/posts"}],"about":[{"href":"https:\/\/formalprision.com\/index.php?rest_route=\/wp\/v2\/types\/post"}],"author":[{"embeddable":true,"href":"https:\/\/formalprision.com\/index.php?rest_route=\/wp\/v2\/users\/2"}],"replies":[{"embeddable":true,"href":"https:\/\/formalprision.com\/index.php?rest_route=%2Fwp%2Fv2%2Fcomments&post=135692"}],"version-history":[{"count":1,"href":"https:\/\/formalprision.com\/index.php?rest_route=\/wp\/v2\/posts\/135692\/revisions"}],"predecessor-version":[{"id":135693,"href":"https:\/\/formalprision.com\/index.php?rest_route=\/wp\/v2\/posts\/135692\/revisions\/135693"}],"wp:featuredmedia":[{"embeddable":true,"href":"https:\/\/formalprision.com\/index.php?rest_route=\/wp\/v2\/media\/135694"}],"wp:attachment":[{"href":"https:\/\/formalprision.com\/index.php?rest_route=%2Fwp%2Fv2%2Fmedia&parent=135692"}],"wp:term":[{"taxonomy":"category","embeddable":true,"href":"https:\/\/formalprision.com\/index.php?rest_route=%2Fwp%2Fv2%2Fcategories&post=135692"},{"taxonomy":"post_tag","embeddable":true,"href":"https:\/\/formalprision.com\/index.php?rest_route=%2Fwp%2Fv2%2Ftags&post=135692"}],"curies":[{"name":"wp","href":"https:\/\/api.w.org\/{rel}","templated":true}]}}