{"id":135696,"date":"2025-10-24T21:08:49","date_gmt":"2025-10-25T02:08:49","guid":{"rendered":"https:\/\/formalprision.com\/?p=135696"},"modified":"2025-10-25T23:05:00","modified_gmt":"2025-10-26T04:05:00","slug":"la-modernizacion-y-ampliacion-del-puerto-de-progreso-avanza-en-tiempo-y-forma","status":"publish","type":"post","link":"https:\/\/formalprision.com\/?p=135696","title":{"rendered":"La modernizaci\u00f3n y ampliaci\u00f3n del Puerto de Progreso avanza en tiempo y forma\u00a0"},"content":{"rendered":"\n<p>Ciudad de M\u00e9xico, a 24 de octubre de 2025.-El gobernador Joaqu\u00edn D\u00edaz Mena y el titular de la Semar, Almirante Raymundo Pedro Morales \u00c1ngeles, se reunieron para evaluar los avances del proyecto de modernizaci\u00f3n del Puerto de Altura de Progreso._<br>&nbsp;<br>Durante el encuentro, realizado en la sede de la dependencia federal en la capital del pa\u00eds, ambas autoridades ratificaron la estrecha coordinaci\u00f3n entre el Gobierno del Estado y la Semar, subrayando que los trabajos avanzan en tiempo y forma, conforme al calendario establecido y sin interrupciones de ning\u00fan tipo.<\/p>\n","protected":false},"excerpt":{"rendered":"<p>Ciudad de M\u00e9xico, a 24 de octubre de 2025.-El gobernador Joaqu\u00edn D\u00edaz Mena y el titular de la Semar, Almirante Raymundo Pedro Morales \u00c1ngeles, se reunieron para evaluar los avances<\/p>\n","protected":false},"author":1,"featured_media":135697,"comment_status":"open","ping_status":"open","sticky":false,"template":"","format":"standard","meta":{"jetpack_post_was_ever_published":false,"_jetpack_newsletter_access":"","_jetpack_dont_email_post_to_subs":false,"_jetpack_newsletter_tier_id":0,"_jetpack_memberships_contains_paywalled_content":false,"_jetpack_memberships_contains_paid_content":false,"footnotes":"","jetpack_publicize_message":"","jetpack_publicize_feature_enabled":true,"jetpack_social_post_already_shared":true,"jetpack_social_options":{"image_generator_settings":{"template":"highway","default_image_id":0,"font":"","enabled":false},"version":2}},"categories":[54],"tags":[],"class_list":["post-135696","post","type-post","status-publish","format-standard","has-post-thumbnail","hentry","category-yucatan"],"jetpack_publicize_connections":[],"jetpack_featured_media_url":"https:\/\/formalprision.com\/wp-content\/uploads\/2025\/10\/IMG-20251024-WA0084.jpg","jetpack_sharing_enabled":true,"jetpack_shortlink":"https:\/\/wp.me\/p6id8p-ziE","_links":{"self":[{"href":"https:\/\/formalprision.com\/index.php?rest_route=\/wp\/v2\/posts\/135696","targetHints":{"allow":["GET"]}}],"collection":[{"href":"https:\/\/formalprision.com\/index.php?rest_route=\/wp\/v2\/posts"}],"about":[{"href":"https:\/\/formalprision.com\/index.php?rest_route=\/wp\/v2\/types\/post"}],"author":[{"embeddable":true,"href":"https:\/\/formalprision.com\/index.php?rest_route=\/wp\/v2\/users\/1"}],"replies":[{"embeddable":true,"href":"https:\/\/formalprision.com\/index.php?rest_route=%2Fwp%2Fv2%2Fcomments&post=135696"}],"version-history":[{"count":1,"href":"https:\/\/formalprision.com\/index.php?rest_route=\/wp\/v2\/posts\/135696\/revisions"}],"predecessor-version":[{"id":135698,"href":"https:\/\/formalprision.com\/index.php?rest_route=\/wp\/v2\/posts\/135696\/revisions\/135698"}],"wp:featuredmedia":[{"embeddable":true,"href":"https:\/\/formalprision.com\/index.php?rest_route=\/wp\/v2\/media\/135697"}],"wp:attachment":[{"href":"https:\/\/formalprision.com\/index.php?rest_route=%2Fwp%2Fv2%2Fmedia&parent=135696"}],"wp:term":[{"taxonomy":"category","embeddable":true,"href":"https:\/\/formalprision.com\/index.php?rest_route=%2Fwp%2Fv2%2Fcategories&post=135696"},{"taxonomy":"post_tag","embeddable":true,"href":"https:\/\/formalprision.com\/index.php?rest_route=%2Fwp%2Fv2%2Ftags&post=135696"}],"curies":[{"name":"wp","href":"https:\/\/api.w.org\/{rel}","templated":true}]}}