{"id":135712,"date":"2025-10-25T22:58:28","date_gmt":"2025-10-26T03:58:28","guid":{"rendered":"https:\/\/formalprision.com\/?p=135712"},"modified":"2025-10-26T21:40:49","modified_gmt":"2025-10-27T02:40:49","slug":"cecilia-patron-inaugura-el-festival-de-las-animas-2025-en-el-parque-de-san-juan","status":"publish","type":"post","link":"https:\/\/formalprision.com\/?p=135712","title":{"rendered":"Cecilia Patr\u00f3n inaugura el Festival de las \u00c1nimas 2025 en el parque de San Juan"},"content":{"rendered":"\n<p>M\u00c9RIDA, Yucat\u00e1n.- Ante m\u00e1s de 5 mil meridanos y visitantes, la presidenta municipal de M\u00e9rida, Cecilia Patr\u00f3n Laviada, inaugur\u00f3 el Festival de las \u00c1nimas 2025, con la iluminaci\u00f3n de figuras monumentales que conmemoran la vida y la muerte instaladas en el Parque de San Juan.<\/p>\n\n\n\n<p>\u00abRecuperar nuestros espacios tambi\u00e9n es volver a lo que somos. Cuando las familias caminan juntas, cuando los ni\u00f1os corren entre luces y m\u00fasica, ah\u00ed es donde M\u00e9rida crece\u00bb, afirm\u00f3 la alcaldesa.<\/p>\n\n\n\n<p>Record\u00f3 que el Festival de las \u00c1nimas 2025 promueve la uni\u00f3n y la convivencia entre meridanos y visitantes con amplio programa que se extiende a colonias y comisar\u00edas.<\/p>\n\n\n\n<p>La exhibici\u00f3n en el Parque de San Juan ser\u00e1 un punto de encuentro para disfrutar de actividades culturales, art\u00edsticas y tradicionales hasta el 15 de noviembre, de 6 de la tarde a medianoche.<\/p>\n\n\n\n<p>Las 14 figuras est\u00e1n inspiradas en personajes tradicionales del D\u00eda de Muertos, como catrinas y calaveras que rinden homenaje a oficios populares y a la identidad cultural de los meridanos.<\/p>\n\n\n\n<p>En 2024 esta misma exposici\u00f3n reuni\u00f3 a miles de visitantes y se convirti\u00f3 en una de las experiencias m\u00e1s queridas del festival, por lo que este a\u00f1o vuelve con una propuesta renovada que combina arte, identidad y convivencia.<\/p>\n\n\n\n<p>\u201cVer a las familias reunidas, a los ni\u00f1os maravillados por las luces y las figuras, es el reflejo de lo que queremos para M\u00e9rida: una ciudad que conserva sus tradiciones y las comparte con alegr\u00eda\u201d, destac\u00f3 Cecilia.<\/p>\n\n\n\n<p>Arturo Le\u00f3n Itz\u00e1, director de Desarrollo Social y Combate a la Pobreza, mencion\u00f3 que el festival busca que las familias disfruten de sus parques y calles de forma segura y festiva, que puedan reencontrarse con su comunidad y sentirse orgullosos de sus tradiciones.<\/p>\n\n\n\n<p>\u201cEsta actividad naci\u00f3 para la gente de M\u00e9rida, para nuestras familias, nuestros ni\u00f1os y abuelos que crecen con estas costumbres. Pero tambi\u00e9n se ha vuelto un punto de encuentro para quienes nos visitan y quieren conocer el coraz\u00f3n de nuestra cultura\u201d, resalt\u00f3.<\/p>\n\n\n\n<p>El Festival de las \u00c1nimas 2025 continuar\u00e1 durante toda la semana con diversas actividades como el tradicional Paseo de las \u00c1nimas, el Desfile de Catrinas, la Feria del Mucbipollo, el Pixan Peek exposiciones y presentaciones art\u00edsticas que invitan a disfrutar en familia y celebrar la vida con respeto y alegr\u00eda.<\/p>\n\n\n\n<p>La programaci\u00f3n completa puede consultarse en www.merida.gob.mx\/animas<\/p>\n\n\n\n<p>Para m\u00e1s informes sobre los programas sociales, la ciudadan\u00eda puede acudir a las ventanillas de la Direcci\u00f3n de Desarrollo Social y Combate a la Pobreza, ubicadas en C. 65 No. 368 Int. x 40 y 42, Col. Centro, o comunicarse a los tel\u00e9fonos (999) 924 6900 y (999) 924 6962, ext. 81750, de lunes a viernes de 8:00 a.m. a 3:00 p.m.<\/p>\n\n\n\n<p>Tambi\u00e9n asistieron a la inauguraci\u00f3n los directores Karla Berr\u00f3n C\u00e1mara, de Identidad y Cultura, y Luis Jorge Montalvo Duarte, de Servicios P\u00fablicos, y el secretario t\u00e9cnico de la Unidad de Turismo, Armando Casares Espinosa.<\/p>\n\n\n\n<p>Descripci\u00f3n de las figuras.<\/p>\n\n\n\n<p>El Portal Calavera (1.84 x 4.10 x 3.69 metros) representa el umbral de luz por donde las almas regresan al hogar, guiadas por el amor de su gente; el Doble Alfe\u00f1ique Barroco (2 x 5.65 metros) es el arte del dulce que adorna la memoria, herencia viva del alma meridana; la Ofrenda con Catrina (4.50 x 4.35 metros) es muestra del amor que hacen los vivos a sus muertos entre velas y flores, es la manera de dialogar con los que vuelven.<\/p>\n\n\n\n<p>La Calavera Recostada (5.22 x 3.70 x 5.50 metros) representa el descanso de la muerte entre los brazos de la vida, serena como el alma que vuelve al campo santo; la Calaverita de Az\u00facar (2.30 x 2.50 x 2.10 metros), peque\u00f1a y brillante, es el s\u00edmbolo del cari\u00f1o con que recordamos a quienes partieron; la L\u00e1pida con Tela Sublimada (2.20 metros), es un resplandor que transforma el duelo en esperanza y la ausencia en presencia.<\/p>\n\n\n\n<p>La Calavera Panadero con Triciclo (2.40 metros), con el pan reci\u00e9n horneado, el alma del pueblo recorre las calles al amanecer; la Calavera Panuchos (1.80 metros), es el sabor de la tierra y el ma\u00edz que acompa\u00f1a la memoria de quienes siguen entre nosotros; la Calavera Marquesitas (2.50 metros), dulce alegr\u00eda yucateca que envuelve la nostalgia del reencuentro con los que amamos.<\/p>\n\n\n\n<p>El Hombre Yucateco (2 metros), con su guayabera blanca y su sombrero, representa al pueblo que honra con respeto y alegr\u00eda a sus difuntos, caminando entre la luz y la memoria; la Mujer Yucateca (2 metros), ataviada con su terno bordado, es reflejo de la ternura y la devoci\u00f3n con que el alma yucateca prepara la ofrenda para recibir a quienes vuelven del m\u00e1s all\u00e1; el Organillero (2 metros), con su m\u00fasica viajera despierta recuerdos antiguos; su melod\u00eda acompa\u00f1a el andar de las \u00e1nimas que vuelven a casa<\/p>\n\n\n\n<p>El Taquero (2 metros), entre humo y saz\u00f3n celebra la vida cotidiana, donde el alimento y la convivencia se vuelven ofrenda al alma; la Escultura de D\u00eda de Muertos (2 metros), s\u00edmbolo de unidad entre el cielo y la tierra, donde la muerte se transforma en fiesta y la luz abraza a la memoria.<\/p>\n","protected":false},"excerpt":{"rendered":"<p>M\u00c9RIDA, Yucat\u00e1n.- Ante m\u00e1s de 5 mil meridanos y visitantes, la presidenta municipal de M\u00e9rida, Cecilia Patr\u00f3n Laviada, inaugur\u00f3 el Festival de las \u00c1nimas 2025, con la iluminaci\u00f3n de figuras<\/p>\n","protected":false},"author":2,"featured_media":135714,"comment_status":"open","ping_status":"open","sticky":false,"template":"","format":"standard","meta":{"jetpack_post_was_ever_published":false,"_jetpack_newsletter_access":"","_jetpack_dont_email_post_to_subs":false,"_jetpack_newsletter_tier_id":0,"_jetpack_memberships_contains_paywalled_content":false,"_jetpack_memberships_contains_paid_content":false,"footnotes":"","jetpack_publicize_message":"","jetpack_publicize_feature_enabled":true,"jetpack_social_post_already_shared":true,"jetpack_social_options":{"image_generator_settings":{"template":"highway","default_image_id":0,"font":"","enabled":false},"version":2}},"categories":[14],"tags":[],"class_list":["post-135712","post","type-post","status-publish","format-standard","has-post-thumbnail","hentry","category-merida"],"jetpack_publicize_connections":[],"jetpack_featured_media_url":"https:\/\/formalprision.com\/wp-content\/uploads\/2025\/10\/WhatsApp-Image-2025-10-25-at-9.39.03-PM.jpeg","jetpack_sharing_enabled":true,"jetpack_shortlink":"https:\/\/wp.me\/p6id8p-ziU","_links":{"self":[{"href":"https:\/\/formalprision.com\/index.php?rest_route=\/wp\/v2\/posts\/135712","targetHints":{"allow":["GET"]}}],"collection":[{"href":"https:\/\/formalprision.com\/index.php?rest_route=\/wp\/v2\/posts"}],"about":[{"href":"https:\/\/formalprision.com\/index.php?rest_route=\/wp\/v2\/types\/post"}],"author":[{"embeddable":true,"href":"https:\/\/formalprision.com\/index.php?rest_route=\/wp\/v2\/users\/2"}],"replies":[{"embeddable":true,"href":"https:\/\/formalprision.com\/index.php?rest_route=%2Fwp%2Fv2%2Fcomments&post=135712"}],"version-history":[{"count":1,"href":"https:\/\/formalprision.com\/index.php?rest_route=\/wp\/v2\/posts\/135712\/revisions"}],"predecessor-version":[{"id":135713,"href":"https:\/\/formalprision.com\/index.php?rest_route=\/wp\/v2\/posts\/135712\/revisions\/135713"}],"wp:featuredmedia":[{"embeddable":true,"href":"https:\/\/formalprision.com\/index.php?rest_route=\/wp\/v2\/media\/135714"}],"wp:attachment":[{"href":"https:\/\/formalprision.com\/index.php?rest_route=%2Fwp%2Fv2%2Fmedia&parent=135712"}],"wp:term":[{"taxonomy":"category","embeddable":true,"href":"https:\/\/formalprision.com\/index.php?rest_route=%2Fwp%2Fv2%2Fcategories&post=135712"},{"taxonomy":"post_tag","embeddable":true,"href":"https:\/\/formalprision.com\/index.php?rest_route=%2Fwp%2Fv2%2Ftags&post=135712"}],"curies":[{"name":"wp","href":"https:\/\/api.w.org\/{rel}","templated":true}]}}