{"id":135716,"date":"2025-10-26T17:02:48","date_gmt":"2025-10-26T22:02:48","guid":{"rendered":"https:\/\/formalprision.com\/?p=135716"},"modified":"2025-10-26T23:59:34","modified_gmt":"2025-10-27T04:59:34","slug":"la-representante-de-chochola-sera-la-embajadora-de-la-feria-de-xmatkuil-2025","status":"publish","type":"post","link":"https:\/\/formalprision.com\/?p=135716","title":{"rendered":"La representante de Chochol\u00e1 ser\u00e1 la embajadora de la Feria de Xmatkuil 2025\u00a0"},"content":{"rendered":"\n<p>M\u00e9rida, Yucat\u00e1n, a 26 de octubre de 2025.-_Tras una re\u00f1ida final celebrada en el Centro de Convenciones Yucat\u00e1n Siglo XXI, la joven Eny Elizabeth Paredes Villalobos, originaria de Chochol\u00e1, fue coronada como embajadora de la Feria de Xmatkuil 2025.<br>\u00a0<br>Durante la velada, las 18 finalistas desfilaron mostrando la riqueza cultural de sus municipios y el talento de la juventud yucateca. El proceso de selecci\u00f3n const\u00f3 de cuatro etapas \u2014tres regionales y una gran final\u2014 en las que se evaluaron el desenvolvimiento esc\u00e9nico, el conocimiento de la cultura local y el carisma de las participantes.<br>\u00a0<br>El jurado calificador, integrado por Diego Cer\u00f3n, Erika Cruz Escalante, Alfredo Kuri Verde y Marisol Rojas \u00c1vila, tuvo la dif\u00edcil tarea de elegir entre las destacadas concursantes procedentes de distintos municipios de la entidad.<br>\u00a0<br>Eny Elizabeth Paredes Villalobos, de Chochol\u00e1, obtuvo el t\u00edtulo de Embajadora 2025 y recibir\u00e1 un apoyo econ\u00f3mico mensual de 10 mil pesos, una computadora port\u00e1til y un viaje a la Riviera Maya para cuatro personas.<br>\u00a0<br>En segundo lugar qued\u00f3 Alejandra Anah\u00ed Aguilar Alvarado, de Conkal, quien fue acreedora a 10 mil pesos en efectivo, una estancia en el Hotel Costa Club para seis personas y una tableta electr\u00f3nica. El tercer lugar fue para Jimena Johana Pacheco Mart\u00edn, de Tizim\u00edn, quien recibi\u00f3 5 mil pesos en efectivo, una estancia en el mismo hotel y una tableta electr\u00f3nica.<\/p>\n\n\n\n<p>Adem\u00e1s, se entregaron reconocimientos especiales a Elsy Maricruz Barrera P\u00e9rez, de Man\u00ed, como Se\u00f1orita Simpat\u00eda, y a la representante de Chochol\u00e1 como Se\u00f1orita Elocuencia.<\/p>\n\n\n\n<p>La elecci\u00f3n de la embajadora marca el inicio de las actividades previas a la Feria Internacional de Yucat\u00e1n Xmatkuil 2025, que celebrar\u00e1 su 51\u00aa edici\u00f3n, consolid\u00e1ndose como uno de los eventos m\u00e1s representativos y esperados del estado.<br>&nbsp;<\/p>\n","protected":false},"excerpt":{"rendered":"<p>M\u00e9rida, Yucat\u00e1n, a 26 de octubre de 2025.-_Tras una re\u00f1ida final celebrada en el Centro de Convenciones Yucat\u00e1n Siglo XXI, la joven Eny Elizabeth Paredes Villalobos, originaria de Chochol\u00e1, fue<\/p>\n","protected":false},"author":1,"featured_media":135717,"comment_status":"open","ping_status":"open","sticky":false,"template":"","format":"standard","meta":{"jetpack_post_was_ever_published":false,"_jetpack_newsletter_access":"","_jetpack_dont_email_post_to_subs":false,"_jetpack_newsletter_tier_id":0,"_jetpack_memberships_contains_paywalled_content":false,"_jetpack_memberships_contains_paid_content":false,"footnotes":"","jetpack_publicize_message":"","jetpack_publicize_feature_enabled":true,"jetpack_social_post_already_shared":true,"jetpack_social_options":{"image_generator_settings":{"template":"highway","default_image_id":0,"font":"","enabled":false},"version":2}},"categories":[54],"tags":[],"class_list":["post-135716","post","type-post","status-publish","format-standard","has-post-thumbnail","hentry","category-yucatan"],"jetpack_publicize_connections":[],"jetpack_featured_media_url":"https:\/\/formalprision.com\/wp-content\/uploads\/2025\/10\/IMG-20251026-WA0018.jpg","jetpack_sharing_enabled":true,"jetpack_shortlink":"https:\/\/wp.me\/p6id8p-ziY","_links":{"self":[{"href":"https:\/\/formalprision.com\/index.php?rest_route=\/wp\/v2\/posts\/135716","targetHints":{"allow":["GET"]}}],"collection":[{"href":"https:\/\/formalprision.com\/index.php?rest_route=\/wp\/v2\/posts"}],"about":[{"href":"https:\/\/formalprision.com\/index.php?rest_route=\/wp\/v2\/types\/post"}],"author":[{"embeddable":true,"href":"https:\/\/formalprision.com\/index.php?rest_route=\/wp\/v2\/users\/1"}],"replies":[{"embeddable":true,"href":"https:\/\/formalprision.com\/index.php?rest_route=%2Fwp%2Fv2%2Fcomments&post=135716"}],"version-history":[{"count":1,"href":"https:\/\/formalprision.com\/index.php?rest_route=\/wp\/v2\/posts\/135716\/revisions"}],"predecessor-version":[{"id":135718,"href":"https:\/\/formalprision.com\/index.php?rest_route=\/wp\/v2\/posts\/135716\/revisions\/135718"}],"wp:featuredmedia":[{"embeddable":true,"href":"https:\/\/formalprision.com\/index.php?rest_route=\/wp\/v2\/media\/135717"}],"wp:attachment":[{"href":"https:\/\/formalprision.com\/index.php?rest_route=%2Fwp%2Fv2%2Fmedia&parent=135716"}],"wp:term":[{"taxonomy":"category","embeddable":true,"href":"https:\/\/formalprision.com\/index.php?rest_route=%2Fwp%2Fv2%2Fcategories&post=135716"},{"taxonomy":"post_tag","embeddable":true,"href":"https:\/\/formalprision.com\/index.php?rest_route=%2Fwp%2Fv2%2Ftags&post=135716"}],"curies":[{"name":"wp","href":"https:\/\/api.w.org\/{rel}","templated":true}]}}