{"id":135719,"date":"2025-10-26T17:07:58","date_gmt":"2025-10-26T22:07:58","guid":{"rendered":"https:\/\/formalprision.com\/?p=135719"},"modified":"2025-10-26T23:59:17","modified_gmt":"2025-10-27T04:59:17","slug":"cecilia-patron-inaugura-la-tradicional-feria-del-mucbipollo-en-el-barrio-magico-de-san-sebastian","status":"publish","type":"post","link":"https:\/\/formalprision.com\/?p=135719","title":{"rendered":"Cecilia Patr\u00f3n inaugura la Feria del Mucbipollo en el barrio m\u00e1gico de San Sebasti\u00e1n"},"content":{"rendered":"\n<p>M\u00c9RIDA, Yucat\u00e1n.- El barrio m\u00e1gico de San Sebasti\u00e1n se convirti\u00f3 nuevamente en coraz\u00f3n de la tradici\u00f3n gastron\u00f3mica local durante la Feria del Mucbipollo que inaugur\u00f3 Cecilia Patr\u00f3n Laviada, presidenta municipal de M\u00e9rida, en el marco del Festival de las \u00c1nimas 2025.<\/p>\n\n\n\n<p>\u201cC\u00f3mo Ayuntamiento apoyamos e impulsamos iniciativas ciudadanas que honran nuestras tradiciones, conservan nuestra cultura y fortalecen nuestra identidad como meridanas y meridanos; pero tambi\u00e9n fomentan el consumo local, que da impulso a nuestra econom\u00eda\u201d, expres\u00f3 la alcaldesa.<\/p>\n\n\n\n<p>Cecilia resalt\u00f3 que est\u00e1 feria representa una gran oportunidad para disfrutar en familia uno de los platillos m\u00e1s emblem\u00e1ticos de la temporada y fortalecer el tejido social.<\/p>\n\n\n\n<p>Desde temprano, cientos de familias y visitantes se dieron cita en el corredor instalado frente a la iglesia del emblem\u00e1tico barrio.<\/p>\n\n\n\n<p>Se cont\u00f3 con 16 oferentes con amplia variedad de este tradicional platillo representativo elaborado con o sin espel\u00f3n, de lomitos, castac\u00e1n, jam\u00f3n y queso, de relleno negro o de cochinita, entre otros guisos, con los precios oficiales de la edici\u00f3n anterior de 100 pesos la rebanada individual, y 800 y 900 pesos el mucbipollo completo. Asimismo vendieron variedad de bebidas y dulces tradicionales.<\/p>\n\n\n\n<p>Los asistentes tambi\u00e9n disfrutaron de demostraciones del ritual del pib, en las que cocineras y cocineros locales mostraron c\u00f3mo se prepara y entierra este manjar ancestral, compartiendo los secretos de una tradici\u00f3n que ha pasado de generaci\u00f3n en generaci\u00f3n.<\/p>\n\n\n\n<p>El evento cont\u00f3 adem\u00e1s con una nutrida cartelera de actividades culturales, m\u00fasica y danza regionales, que acompa\u00f1aron la jornada y crearon un ambiente de convivencia y orgullo por las ra\u00edces yucatecas.<\/p>\n\n\n\n<p>Cabe se\u00f1alar que en ediciones anteriores la Feria del Mucbipollo ha recibido hasta 20 mil visitantes, cifra que se espera superar este a\u00f1o gracias al inter\u00e9s creciente de la ciudadan\u00eda y los turistas por conocer y degustar este s\u00edmbolo del D\u00eda de los Fieles Difuntos en Yucat\u00e1n.<\/p>\n\n\n\n<figure class=\"wp-block-image size-full\"><a href=\"http:\/\/formalprision.com\/wp-content\/uploads\/2025\/10\/WhatsApp-Image-2025-10-26-at-3.20.18-PM.jpeg\"><img loading=\"lazy\" decoding=\"async\" width=\"900\" height=\"599\" src=\"http:\/\/formalprision.com\/wp-content\/uploads\/2025\/10\/WhatsApp-Image-2025-10-26-at-3.20.18-PM.jpeg\" alt=\"\" class=\"wp-image-135721\" srcset=\"https:\/\/formalprision.com\/wp-content\/uploads\/2025\/10\/WhatsApp-Image-2025-10-26-at-3.20.18-PM.jpeg 900w, https:\/\/formalprision.com\/wp-content\/uploads\/2025\/10\/WhatsApp-Image-2025-10-26-at-3.20.18-PM-300x200.jpeg 300w, https:\/\/formalprision.com\/wp-content\/uploads\/2025\/10\/WhatsApp-Image-2025-10-26-at-3.20.18-PM-768x511.jpeg 768w\" sizes=\"auto, (max-width: 900px) 100vw, 900px\" \/><\/a><\/figure>\n\n\n\n<p>Con esta edici\u00f3n, la Feria del Mucbipollo reafirm\u00f3 su papel como un espacio de encuentro, sabor y tradici\u00f3n que celebra la vida, la memoria y el orgullo de ser meridano.<\/p>\n\n\n\n<p>Forma parte del amplio programa de actividades del Festival de las \u00c1nimas 2025, que incluye el encendido de Figuras Monumentales en San Juan, el Altar Monumental en la Plaza Grande, y el Tradicional Paseo de \u00c1nimas el pr\u00f3ximo 31 de octubre, adem\u00e1s del Desfile de Catrinas, Pixan Pee\u2019k, Rodada de \u00c1nimas, Video Mapping en la Ermita, y el Portal de Luz en el Cementerio General.<\/p>\n\n\n\n<p>La programaci\u00f3n completa puede consultarse en www.merida.gob.mx\/animas<\/p>\n\n\n\n<p>A la inauguraci\u00f3n asistieron Fabiola Loeza Novelo, directora del Indemaya; el diputado local, \u00c1lvaro Cetina Puerto; Henry Eduardo Cetina C\u00e1mara, integrante del Comit\u00e9 Organizador de la Feria del Mucbipollo; los directores Arturo Le\u00f3n Itz\u00e1, de Desarrollo Social y Combate a la Pobreza; Karla Patricia Berr\u00f3n C\u00e1mara, de Identidad y Cultura, y Armando Casares Espinosa, titular de la Unidad de Turismo.<\/p>\n","protected":false},"excerpt":{"rendered":"<p>M\u00c9RIDA, Yucat\u00e1n.- El barrio m\u00e1gico de San Sebasti\u00e1n se convirti\u00f3 nuevamente en coraz\u00f3n de la tradici\u00f3n gastron\u00f3mica local durante la Feria del Mucbipollo que inaugur\u00f3 Cecilia Patr\u00f3n Laviada, presidenta municipal<\/p>\n","protected":false},"author":2,"featured_media":135722,"comment_status":"open","ping_status":"open","sticky":false,"template":"","format":"standard","meta":{"jetpack_post_was_ever_published":false,"_jetpack_newsletter_access":"","_jetpack_dont_email_post_to_subs":false,"_jetpack_newsletter_tier_id":0,"_jetpack_memberships_contains_paywalled_content":false,"_jetpack_memberships_contains_paid_content":false,"footnotes":"","jetpack_publicize_message":"","jetpack_publicize_feature_enabled":true,"jetpack_social_post_already_shared":true,"jetpack_social_options":{"image_generator_settings":{"template":"highway","default_image_id":0,"font":"","enabled":false},"version":2}},"categories":[54],"tags":[],"class_list":["post-135719","post","type-post","status-publish","format-standard","has-post-thumbnail","hentry","category-yucatan"],"jetpack_publicize_connections":[],"jetpack_featured_media_url":"https:\/\/formalprision.com\/wp-content\/uploads\/2025\/10\/WhatsApp-Image-2025-10-26-at-3.20.17-PM.jpeg","jetpack_sharing_enabled":true,"jetpack_shortlink":"https:\/\/wp.me\/p6id8p-zj1","_links":{"self":[{"href":"https:\/\/formalprision.com\/index.php?rest_route=\/wp\/v2\/posts\/135719","targetHints":{"allow":["GET"]}}],"collection":[{"href":"https:\/\/formalprision.com\/index.php?rest_route=\/wp\/v2\/posts"}],"about":[{"href":"https:\/\/formalprision.com\/index.php?rest_route=\/wp\/v2\/types\/post"}],"author":[{"embeddable":true,"href":"https:\/\/formalprision.com\/index.php?rest_route=\/wp\/v2\/users\/2"}],"replies":[{"embeddable":true,"href":"https:\/\/formalprision.com\/index.php?rest_route=%2Fwp%2Fv2%2Fcomments&post=135719"}],"version-history":[{"count":3,"href":"https:\/\/formalprision.com\/index.php?rest_route=\/wp\/v2\/posts\/135719\/revisions"}],"predecessor-version":[{"id":135735,"href":"https:\/\/formalprision.com\/index.php?rest_route=\/wp\/v2\/posts\/135719\/revisions\/135735"}],"wp:featuredmedia":[{"embeddable":true,"href":"https:\/\/formalprision.com\/index.php?rest_route=\/wp\/v2\/media\/135722"}],"wp:attachment":[{"href":"https:\/\/formalprision.com\/index.php?rest_route=%2Fwp%2Fv2%2Fmedia&parent=135719"}],"wp:term":[{"taxonomy":"category","embeddable":true,"href":"https:\/\/formalprision.com\/index.php?rest_route=%2Fwp%2Fv2%2Fcategories&post=135719"},{"taxonomy":"post_tag","embeddable":true,"href":"https:\/\/formalprision.com\/index.php?rest_route=%2Fwp%2Fv2%2Ftags&post=135719"}],"curies":[{"name":"wp","href":"https:\/\/api.w.org\/{rel}","templated":true}]}}