{"id":135736,"date":"2025-10-27T17:20:04","date_gmt":"2025-10-27T22:20:04","guid":{"rendered":"https:\/\/formalprision.com\/?p=135736"},"modified":"2025-10-29T07:14:38","modified_gmt":"2025-10-29T12:14:38","slug":"ayuntamiento-y-grupo-yucatan-hacen-alianza-por-una-merida-limpia","status":"publish","type":"post","link":"https:\/\/formalprision.com\/?p=135736","title":{"rendered":"Ayuntamiento y Grupo Yucat\u00e1n hacen alianza por una M\u00e9rida Limpia"},"content":{"rendered":"\n<p>M\u00c9RIDA, Yucat\u00e1n.- Como parte de la estrategia para tener una M\u00e9rida cada vez m\u00e1s limpia, la presidenta municipal Cecilia Patr\u00f3n Laviada increment\u00f3 el mobiliario urbano e infraestructura con siete contenedores para la recolecta de residuos especiales que donaron empresas socialmente responsables, lo que permitir\u00e1 abarcar m\u00e1s puntos de la ciudad y sus comisar\u00edas.<\/p>\n\n\n\n<p>\u201cGracias a integrantes de Grupo Yucat\u00e1n que levantaron la mano para sumarse al programa de M\u00e9rida Limpia \u00a1Es tuya, cu\u00eddala!, con estos contenedores que ser\u00e1n de gran ayuda para seguir mejorando el servicio de recolecta de basura para los meridanos\u201d, puntualiz\u00f3 la mun\u00edcipe.<\/p>\n\n\n\n<p>Esto demuestra el trabajo coordinado y en equipo que realiza el Ayuntamiento de M\u00e9rida con diversos sectores, donde todos suman en lo que pueden dar a la ciudad, y en el que cada vez m\u00e1s se suman para evitar que haya residuos o cacharros en las calles.<\/p>\n\n\n\n<p>Los puntos M\u00e9rida Limpia es un programa clave del Ayuntamiento para ordenar la ciudad, que en la actualidad cuenta con 23 contenedores: nueve de la paramunicipal Servilimpia, uno de Pamplona y cuatro de SANA que son empresas recolectoras; dos que fueron donados por la C\u00e1mara de la Industria de la Construcci\u00f3n (CMIC) delegaci\u00f3n Yucat\u00e1n y los siete nuevos aportados por empresas socialmente responsables de Grupo Yucat\u00e1n.<\/p>\n\n\n\n<p>En su acostumbrada reuni\u00f3n semanal con representantes de los medios de comunicaci\u00f3n, la edil inform\u00f3 que se han recolectado m\u00e1s de 1 mil 524 toneladas de residuos especiales mediante los contenedores que han visitado m\u00e1s de 223 puntos en diferentes zonas del municipio.<\/p>\n\n\n\n<p>\u201cYa abarcamos muchos puntos en el sur, en el oriente, en el poniente, en el centro, y las comisar\u00edas de M\u00e9rida con este proyecto, que suma y limpia\u201d, expres\u00f3 Cecilia Patr\u00f3n quien estuvo acompa\u00f1ada de Juan Manuel Ponce D\u00edaz y Alejandro Illescas, representante y director de Grupo Yucat\u00e1n, respectivamente.<\/p>\n\n\n\n<p>Juan Manuel Ponce, representante del grupo empresarial, destac\u00f3 el liderazgo de la alcaldesa para darle un nuevo brillo a la ciudad, y la importancia de que la iniciativa privada se involucre en la soluci\u00f3n de los problemas, junto con las y los ciudadanos.<\/p>\n\n\n\n<p>Del 17 al 31 de octubre los contenedores est\u00e1n ubicados en: la zona sur de la ciudad en el Parque Principal de la comisar\u00eda de San Jos\u00e9 Tzal, en el parque del fraccionamiento San Jos\u00e9 Tzal y Fraccionamiento Reyes del Sur; en la zona poniente, en Girasoles de Opich\u00e9n, Parque Bosques de Mulsay en Bosques de Yucalpet\u00e9n, Parque Ecol\u00f3gico del Poniente, El Porvenir, Parque Pensiones S\u00e9ptima Etapa, Campo de F\u00fatbol Juan Pablo, Parque Lindavista II y en el Deportivo Nora Quintana.<\/p>\n\n\n\n<p>En el norte estar\u00e1n visitando el Fraccionamiento Vista Alegre Norte, Parque de San Pedro Uxmal, Canchas de Fut 7 del Fraccionamiento Las Am\u00e9ricas, Campo de F\u00fatbol Terranova, Parque C\u00e1mara de la Construcci\u00f3n, Parque Francisco de Montejo III, comisar\u00eda de Santa Gertrudis Cop\u00f3, Parque G40 Yaxch\u00e9 en Zona Industrial; en el oriente, en el Parque Acrob\u00e1tico Pol\u00edgono 108, y en el centro de la ciudad, en el Parque de la Colonia Yucat\u00e1n.<\/p>\n\n\n\n<p>Al respecto la edil indic\u00f3 que estos contenedores llegan por 15 d\u00edas a un punto de la ciudad para la recolecta de residuos s\u00f3lidos especiales como lo refrigeradores, hornos de microondas, televisores, muebles, colchones, unicel, llantas, tarimas de madera, entre otros, haciendo hincapi\u00e9 que este tipo de residuos es muy distinto al domiciliario y que cuenta con su sistema de recolecci\u00f3n casa por casa.<\/p>\n\n\n\n<p>\u201cEstos son los residuos especiales, aquellos que no sabes qu\u00e9 hacer con ellos, y que la idea es que como va a estar 15 d\u00edas en tu colonia y t\u00fa te puedas acercarte a estos puntos que normalmente est\u00e1n en el parque o ubicaci\u00f3n central de la comunidad, y desecharlos ah\u00ed y no lo sacarlos ni a la esquina o dejemos tirado en cualquier sitio\u201d.<\/p>\n\n\n\n<p>Los contenedores se vac\u00edan aproximadamente cada dos d\u00edas llevando su contenido al relleno sanitario, para dar tratamiento y disposici\u00f3n final adecuada a lo recolectado.<\/p>\n\n\n\n<p>Cabe destacar que la alcaldesa adelant\u00f3 que al cierre de este a\u00f1o se adquirir\u00e1n 15 contenedores m\u00e1s a trav\u00e9s del Programa de Desarrollo Institucional Municipal y de las Demarcaciones Territoriales (PRODIM), adquisici\u00f3n que fue aprobada por el Cabildo meridano.<\/p>\n\n\n\n<p>Las empresas que apoyaron para que M\u00e9rida est\u00e9 m\u00e1s limpia se encuentra Samel Bienes Ra\u00edces, Sal Sol, Gasomatic, Super Ak\u00ed, Valorum, Nivelo, Bepensa, Inmobilia, Gran Chapur, Papeler\u00eda del Ahorro, Silpro, Mitza y Construcciones Verticales.<\/p>\n\n\n\n<p>En esta estrategia por una M\u00e9rida Limpia tambi\u00e9n forma parte la Polic\u00eda Ecol\u00f3gica que desde su creaci\u00f3n el pasado 13 de agosto de este a\u00f1o han realizado 113 acciones de proximidad social y 49 amonestaciones, lo que ha permitido generar conciencia antes de implementar alguna sanci\u00f3n. Los que reincidan ser\u00e1n acreedores de multas dispuestas ante un juez calificador.<\/p>\n\n\n\n<p>Asistieron Ra\u00fal Arceo Alonzo, secretario de Gesti\u00f3n Integral de Residuos Municipales; Gerardo Bolio de Ocampo, director de Servilimpia; Luis Jorge Montalvo Duarte, director de Servicios P\u00fablicos, y Carlos Francisco Vi\u00f1as Heredia, coordinador general de Desarrollo Ordenado y Gesti\u00f3n de la Ciudad.<\/p>\n\n\n\n<p>Para m\u00e1s informaci\u00f3n sobre pr\u00f3ximas fechas y ubicar el Punto M\u00e9rida Limpia m\u00e1s cercano en tu colonia puedes ingresar a merida.gob.mx\/meridalimpia o a trav\u00e9s de redes sociales del Ayuntamiento de M\u00e9rida.<\/p>\n","protected":false},"excerpt":{"rendered":"<p>M\u00c9RIDA, Yucat\u00e1n.- Como parte de la estrategia para tener una M\u00e9rida cada vez m\u00e1s limpia, la presidenta municipal Cecilia Patr\u00f3n Laviada increment\u00f3 el mobiliario urbano e infraestructura con siete contenedores<\/p>\n","protected":false},"author":2,"featured_media":135738,"comment_status":"open","ping_status":"open","sticky":false,"template":"","format":"standard","meta":{"jetpack_post_was_ever_published":false,"_jetpack_newsletter_access":"","_jetpack_dont_email_post_to_subs":false,"_jetpack_newsletter_tier_id":0,"_jetpack_memberships_contains_paywalled_content":false,"_jetpack_memberships_contains_paid_content":false,"footnotes":"","jetpack_publicize_message":"","jetpack_publicize_feature_enabled":true,"jetpack_social_post_already_shared":true,"jetpack_social_options":{"image_generator_settings":{"template":"highway","default_image_id":0,"font":"","enabled":false},"version":2}},"categories":[54],"tags":[],"class_list":["post-135736","post","type-post","status-publish","format-standard","has-post-thumbnail","hentry","category-yucatan"],"jetpack_publicize_connections":[],"jetpack_featured_media_url":"https:\/\/formalprision.com\/wp-content\/uploads\/2025\/10\/WhatsApp-Image-2025-10-27-at-3.22.06-PM.jpeg","jetpack_sharing_enabled":true,"jetpack_shortlink":"https:\/\/wp.me\/p6id8p-zji","_links":{"self":[{"href":"https:\/\/formalprision.com\/index.php?rest_route=\/wp\/v2\/posts\/135736","targetHints":{"allow":["GET"]}}],"collection":[{"href":"https:\/\/formalprision.com\/index.php?rest_route=\/wp\/v2\/posts"}],"about":[{"href":"https:\/\/formalprision.com\/index.php?rest_route=\/wp\/v2\/types\/post"}],"author":[{"embeddable":true,"href":"https:\/\/formalprision.com\/index.php?rest_route=\/wp\/v2\/users\/2"}],"replies":[{"embeddable":true,"href":"https:\/\/formalprision.com\/index.php?rest_route=%2Fwp%2Fv2%2Fcomments&post=135736"}],"version-history":[{"count":1,"href":"https:\/\/formalprision.com\/index.php?rest_route=\/wp\/v2\/posts\/135736\/revisions"}],"predecessor-version":[{"id":135737,"href":"https:\/\/formalprision.com\/index.php?rest_route=\/wp\/v2\/posts\/135736\/revisions\/135737"}],"wp:featuredmedia":[{"embeddable":true,"href":"https:\/\/formalprision.com\/index.php?rest_route=\/wp\/v2\/media\/135738"}],"wp:attachment":[{"href":"https:\/\/formalprision.com\/index.php?rest_route=%2Fwp%2Fv2%2Fmedia&parent=135736"}],"wp:term":[{"taxonomy":"category","embeddable":true,"href":"https:\/\/formalprision.com\/index.php?rest_route=%2Fwp%2Fv2%2Fcategories&post=135736"},{"taxonomy":"post_tag","embeddable":true,"href":"https:\/\/formalprision.com\/index.php?rest_route=%2Fwp%2Fv2%2Ftags&post=135736"}],"curies":[{"name":"wp","href":"https:\/\/api.w.org\/{rel}","templated":true}]}}