{"id":135756,"date":"2025-10-28T17:36:09","date_gmt":"2025-10-28T22:36:09","guid":{"rendered":"https:\/\/formalprision.com\/?p=135756"},"modified":"2025-10-29T19:14:16","modified_gmt":"2025-10-30T00:14:16","slug":"cecilia-patron-comprometida-con-el-cuidado-de-la-salud-mental-y-el-desarrollo-de-la-juventud","status":"publish","type":"post","link":"https:\/\/formalprision.com\/?p=135756","title":{"rendered":"Cecilia Patr\u00f3n comprometida con el cuidado de la salud mental y el desarrollo de la juventud"},"content":{"rendered":"\n<p>M\u00c9RIDA, Yucat\u00e1n.- Para escuchar de manera cercana inquietudes, sue\u00f1os y propuestas para mejorar M\u00e9rida, la presidenta municipal Cecilia Patr\u00f3n Laviada se reuni\u00f3 con j\u00f3venes de la Universidad del Sur, como parte del programa Alcaldesa en tu Escuela.<\/p>\n\n\n\n<p>\u201cNos encanta la participaci\u00f3n activa de los j\u00f3venes en la vida p\u00fablica de nuestra ciudad, por ello entablamos este di\u00e1logo cercano que permite escucharlos, saber lo que quieren y que conozcan lo qu\u00e9 hace su Ayuntamiento para que puedan exigir y hacer valer su voz\u201d, as\u00ed lo expres\u00f3.<\/p>\n\n\n\n<p>Con entusiasmo, la alcaldesa invit\u00f3 a los j\u00f3venes a asumir un papel activo en la transformaci\u00f3n de su entorno, ser part\u00edcipes en las decisiones de su ciudad y conocer tambi\u00e9n las obligaciones que le corresponden a sus gobiernos, para exigir y ser escuchados.<\/p>\n\n\n\n<p>\u201cPodemos abrir todos los canales para hacer equipo, pero tambi\u00e9n necesitamos que ustedes digan: yo levanto la voz por mi ciudad, soy parte de ella y quiero participar activamente\u201d, alent\u00f3 Cecilia Patr\u00f3n.<\/p>\n\n\n\n<p>Durante el di\u00e1logo, la presidenta municipal habl\u00f3 sobre el programa M\u00e9rida Te Cuida, una estrategia integral enfocada en el bienestar emocional y la salud mental de las y los meridanos. A trav\u00e9s de actividades, talleres y orientaci\u00f3n psicol\u00f3gica, se busca fortalecer la cohesi\u00f3n social y construir comunidades m\u00e1s emp\u00e1ticas.<\/p>\n\n\n\n<p>\u201cHablar, escuchar y mantenerse activo es la base para estar bien. Una mente sana nos ayuda a vivir mejor, convivir mejor y hacer comunidad\u201d, se\u00f1al\u00f3.<\/p>\n\n\n\n<figure class=\"wp-block-image size-full\"><a href=\"http:\/\/formalprision.com\/wp-content\/uploads\/2025\/10\/WhatsApp-Image-2025-10-28-at-4.22.16-PM1.jpeg\"><img loading=\"lazy\" decoding=\"async\" width=\"900\" height=\"599\" src=\"http:\/\/formalprision.com\/wp-content\/uploads\/2025\/10\/WhatsApp-Image-2025-10-28-at-4.22.16-PM1.jpeg\" alt=\"\" class=\"wp-image-135758\" srcset=\"https:\/\/formalprision.com\/wp-content\/uploads\/2025\/10\/WhatsApp-Image-2025-10-28-at-4.22.16-PM1.jpeg 900w, https:\/\/formalprision.com\/wp-content\/uploads\/2025\/10\/WhatsApp-Image-2025-10-28-at-4.22.16-PM1-300x200.jpeg 300w, https:\/\/formalprision.com\/wp-content\/uploads\/2025\/10\/WhatsApp-Image-2025-10-28-at-4.22.16-PM1-768x511.jpeg 768w\" sizes=\"auto, (max-width: 900px) 100vw, 900px\" \/><\/a><\/figure>\n\n\n\n<p>En ese sentido, record\u00f3 que el Ayuntamiento cuenta con cuatro Centros Alma Nova, ubicados en los cuatro puntos cardinales de la ciudad, donde se brinda atenci\u00f3n emocional a quienes m\u00e1s lo necesitan.<\/p>\n\n\n\n<p>Adem\u00e1s, destac\u00f3 la creaci\u00f3n de la Ruta de la Salud Mental, un proyecto impulsado por j\u00f3venes para j\u00f3venes, que lleva atenci\u00f3n y acompa\u00f1amiento psicol\u00f3gico a distintos planteles educativos.<\/p>\n\n\n\n<p>La alcaldesa anunci\u00f3 con entusiasmo que este m\u00f3dulo m\u00f3vil llegar\u00e1 a la Universidad del Sur del 1 al 15 de diciembre, como parte de las acciones derivadas del Laboratorio de Innovaci\u00f3n Social, un espacio donde nacen ideas ciudadanas de las juventudes que se transforman en pol\u00edticas p\u00fablicas reales.<\/p>\n\n\n\n<p>Durante el encuentro, las y los estudiantes tambi\u00e9n expresaron su inter\u00e9s por contar con m\u00e1s oportunidades para emprender y desarrollarse profesionalmente. Ante ello, Cecilia Patr\u00f3n los invit\u00f3 a aprovechar el programa Mi Primer Cr\u00e9dito, que ofrece pr\u00e9stamos de hasta 50 mil pesos a j\u00f3venes mayores de 18 a\u00f1os, con cero por ciento de inter\u00e9s y plazos flexibles de hasta 24 meses.<\/p>\n\n\n\n<p>Asimismo, los motiv\u00f3 a explorar M\u00e9rida Campus Digital, una plataforma gratuita de aprendizaje en l\u00ednea con cursos, lecturas y ejercicios para reforzar conocimientos acad\u00e9micos, practicar ingl\u00e9s y fomentar el h\u00e1bito de la lectura.<\/p>\n\n\n\n<p>\u201cSin duda una nueva forma de aprender y en la que pueden acceder desde cualquier dispositivo, las 24 horas del d\u00eda, sin costo, ingresando a merida.gob.mx\/meridacampusdigital\u201d, explic\u00f3.<\/p>\n\n\n\n<p>Destac\u00f3 los resultados de la participaci\u00f3n ciudadana en proyectos emblem\u00e1ticos como el Corredor Verde de Ciudad Caucel, un proyecto elegido por las y los meridanos, que demuestra la participaci\u00f3n ciudadana para transformar un espacio que se convertir\u00e1 en una gran \u00e1rea verde con \u00e1rboles reforestados estrat\u00e9gicamente, que mitigar\u00e1n el calor, reducir\u00e1n el ruido urbano y proteger\u00e1n la fauna local.<\/p>\n\n\n\n<p>La alcaldesa tambi\u00e9n comparti\u00f3 que en M\u00e9rida se han declarado 107 \u00e1rboles patrimoniales, verdaderas joyas verdes con ra\u00edces hist\u00f3ricas y culturales que forman parte de la identidad de las colonias, fraccionamientos y comisar\u00edas de M\u00e9rida.<\/p>\n\n\n\n<p>\u201cSon joyas vivas que nos recuerdan de d\u00f3nde venimos y hacia d\u00f3nde queremos ir. Seguramente cerca de sus casas hay un \u00e1rbol precioso, en un parque o en una esquina, esos \u00e1rboles nos pertenecen a todos y debemos protegerlos\u201d, dijo emocionada.<\/p>\n\n\n\n<p>\u201cMejorar el futuro de M\u00e9rida tambi\u00e9n significa cuidar lo que nos da vida nuestro entorno y nuestra comunidad\u201d, a\u00f1adi\u00f3 Patr\u00f3n Laviada.<\/p>\n\n\n\n<p>Para concluir, Cecilia Patr\u00f3n exhort\u00f3 a las y los j\u00f3venes a sumarse a M\u00e9rida me Motiva, un programa de voluntariado donde m\u00e1s j\u00f3venes impulsan acciones solidarias a favor del medio ambiente, comunidades vulnerables, personas con discapacidad, infancias y adultos mayores.<\/p>\n\n\n\n<p>\u201cM\u00e9rida me Motiva es la mejor muestra de que cuando nos unimos por causas nobles, construimos una ciudad m\u00e1s humana, m\u00e1s verde y m\u00e1s solidaria. Ustedes son el coraz\u00f3n y futuro de una M\u00e9rida m\u00e1s pr\u00f3spera, solidaria y con mejor futuro\u201d, finaliz\u00f3 la alcaldesa.<\/p>\n\n\n\n<p>La informaci\u00f3n de todos los programas est\u00e1n en las redes sociales del Ayuntamiento y en la p\u00e1gina merida.gob.mx<\/p>\n","protected":false},"excerpt":{"rendered":"<p>M\u00c9RIDA, Yucat\u00e1n.- Para escuchar de manera cercana inquietudes, sue\u00f1os y propuestas para mejorar M\u00e9rida, la presidenta municipal Cecilia Patr\u00f3n Laviada se reuni\u00f3 con j\u00f3venes de la Universidad del Sur, como<\/p>\n","protected":false},"author":2,"featured_media":135759,"comment_status":"open","ping_status":"open","sticky":false,"template":"","format":"standard","meta":{"jetpack_post_was_ever_published":false,"_jetpack_newsletter_access":"","_jetpack_dont_email_post_to_subs":false,"_jetpack_newsletter_tier_id":0,"_jetpack_memberships_contains_paywalled_content":false,"_jetpack_memberships_contains_paid_content":false,"footnotes":"","jetpack_publicize_message":"","jetpack_publicize_feature_enabled":true,"jetpack_social_post_already_shared":true,"jetpack_social_options":{"image_generator_settings":{"template":"highway","default_image_id":0,"font":"","enabled":false},"version":2}},"categories":[14],"tags":[],"class_list":["post-135756","post","type-post","status-publish","format-standard","has-post-thumbnail","hentry","category-merida"],"jetpack_publicize_connections":[],"jetpack_featured_media_url":"https:\/\/formalprision.com\/wp-content\/uploads\/2025\/10\/WhatsApp-Image-2025-10-28-at-4.22.16-PM.jpeg","jetpack_sharing_enabled":true,"jetpack_shortlink":"https:\/\/wp.me\/p6id8p-zjC","_links":{"self":[{"href":"https:\/\/formalprision.com\/index.php?rest_route=\/wp\/v2\/posts\/135756","targetHints":{"allow":["GET"]}}],"collection":[{"href":"https:\/\/formalprision.com\/index.php?rest_route=\/wp\/v2\/posts"}],"about":[{"href":"https:\/\/formalprision.com\/index.php?rest_route=\/wp\/v2\/types\/post"}],"author":[{"embeddable":true,"href":"https:\/\/formalprision.com\/index.php?rest_route=\/wp\/v2\/users\/2"}],"replies":[{"embeddable":true,"href":"https:\/\/formalprision.com\/index.php?rest_route=%2Fwp%2Fv2%2Fcomments&post=135756"}],"version-history":[{"count":2,"href":"https:\/\/formalprision.com\/index.php?rest_route=\/wp\/v2\/posts\/135756\/revisions"}],"predecessor-version":[{"id":135760,"href":"https:\/\/formalprision.com\/index.php?rest_route=\/wp\/v2\/posts\/135756\/revisions\/135760"}],"wp:featuredmedia":[{"embeddable":true,"href":"https:\/\/formalprision.com\/index.php?rest_route=\/wp\/v2\/media\/135759"}],"wp:attachment":[{"href":"https:\/\/formalprision.com\/index.php?rest_route=%2Fwp%2Fv2%2Fmedia&parent=135756"}],"wp:term":[{"taxonomy":"category","embeddable":true,"href":"https:\/\/formalprision.com\/index.php?rest_route=%2Fwp%2Fv2%2Fcategories&post=135756"},{"taxonomy":"post_tag","embeddable":true,"href":"https:\/\/formalprision.com\/index.php?rest_route=%2Fwp%2Fv2%2Ftags&post=135756"}],"curies":[{"name":"wp","href":"https:\/\/api.w.org\/{rel}","templated":true}]}}