{"id":135761,"date":"2025-10-28T22:25:48","date_gmt":"2025-10-29T03:25:48","guid":{"rendered":"https:\/\/formalprision.com\/?p=135761"},"modified":"2025-10-29T19:14:03","modified_gmt":"2025-10-30T00:14:03","slug":"cecilia-patron-celebra-el-amor-y-la-memoria-de-los-animales-de-compania-en-el-pixan-peek-2025","status":"publish","type":"post","link":"https:\/\/formalprision.com\/?p=135761","title":{"rendered":"Cecilia Patr\u00f3n celebra el amor y la memoria de los animales de compa\u00f1\u00eda en el Pix\u00e1n Peek 2025"},"content":{"rendered":"\n<p>M\u00c9RIDA, Yucat\u00e1n.- Entre flores, velas, fotos y recuerdos, M\u00e9rida celebr\u00f3 el Pix\u00e1n Peek 2025 en el Parque La Plancha, un encuentro lleno de emociones donde cientos de familias honraron la memoria de sus animalitos de compa\u00f1\u00eda que han partido, celebrando el amor incondicional que dieron en vida.<\/p>\n\n\n\n<p>La presidenta municipal Cecilia Patr\u00f3n Laviada encabez\u00f3 este emotivo homenaje, en el marco del Festival de las \u00c1nimas 2025, destacando que el evento representa una fusi\u00f3n \u00fanica entre la tradici\u00f3n del D\u00eda de Muertos y el cari\u00f1o hacia los animales, fortaleciendo la identidad cultural y la empat\u00eda social de M\u00e9rida.<\/p>\n\n\n\n<p>\u201cEn M\u00e9rida recordamos con mucho amor a nuestros m\u00e1s grandes compa\u00f1eros, nuestros animalitos de compa\u00f1\u00eda que han partido. El Pix\u00e1n Peek nos permite honrar su memoria y tambi\u00e9n celebrar ese v\u00ednculo especial que compartimos con ellos y la alegr\u00eda que trajeron a nuestras vidas\u201d, expres\u00f3 la alcaldesa.<\/p>\n\n\n\n<p>M\u00e9rida avanza como una ciudad que promueve la tenencia responsable y el respeto hacia todos los seres vivos, impulsando la colaboraci\u00f3n entre sociedad, gobierno y asociaciones, mediante acciones de concientizaci\u00f3n, esterilizaci\u00f3n y adopci\u00f3n responsable, destac\u00f3.<\/p>\n\n\n\n<p>\u201cCada vez que participamos en actividades como esta, reafirmamos que M\u00e9rida no solo es una ciudad hermosa, sino una comunidad con coraz\u00f3n, donde el amor trasciende incluso m\u00e1s all\u00e1 de la vida\u201d, finaliz\u00f3 la alcaldesa.<\/p>\n\n\n\n<p>Desde su creaci\u00f3n en 2022, el Pix\u00e1n Peek se ha consolidado como una iniciativa ciudadana incluyente y solidaria. En esta edici\u00f3n participaron 18 asociaciones, 18 emprendimientos locales y 10 clubes caninos, quienes compartieron con las familias actividades, productos y servicios dedicados al bienestar animal.<\/p>\n\n\n\n<p>El recorrido por el parque incluy\u00f3 un Gran Altar con m\u00e1s de 2 mil fotograf\u00edas de perritos y gatitos, donde familias colocaron flores, veladoras y mensajes de amor para mantener viva la memoria de sus compa\u00f1eros peludos.<\/p>\n\n\n\n<p>Las y los asistentes disfrutaron del Mercadito Pet Friendly, el bazar de asociaciones y emprendedores locales, el ring central de actividades y el Corralito de Adopci\u00f3n, espacios dise\u00f1ados para promover la convivencia y el cuidado animal.<\/p>\n\n\n\n<p>Por su parte, el director de la Unidad de Medio Ambiente y Bienestar Animal, Ra\u00fal Escalante Aguilar, destac\u00f3 el trabajo del Esterim\u00f3vil, que durante la celebraci\u00f3n ofreci\u00f3 servicios gratuitos de vacunaci\u00f3n y desparasitaci\u00f3n para mascotas, con el fin de fomentar la salud y la responsabilidad de las familias hacia sus animales.<\/p>\n\n\n\n<p>A la par tambi\u00e9n se realiz\u00f3 el Pix\u00e1n Peek en el Fraccionamiento Las Am\u00e9ricas, que cont\u00f3 con gran afluencia y participaci\u00f3n, lo que demuestra que en M\u00e9rida los animales de compa\u00f1\u00eda son parte fundamental del n\u00facleo familiar.<\/p>\n\n\n\n<p>Acompa\u00f1\u00f3 a la alcaldesa el secretario municipal, Edgar Ram\u00edrez Pech.<\/p>\n\n\n\n<p>Cabe recordar que el Festival de las \u00c1nimas 2025, que se celebra del 25 de octubre al 2 de noviembre, contin\u00faa posicionando a M\u00e9rida como un referente cultural del sureste. Este a\u00f1o incluye innovaciones como el Portal del Inframundo, el Video Mapping sobre agua, los Callejones de la Historia y el Cementerio Abierto, experiencias que permiten vivir las tradiciones de una manera inmersiva y familiar.<\/p>\n\n\n\n<p>Para consultar el programa completo de las diferentes actividades durante esta gran temporada de tradiciones en la capital yucateca, ingresa a merida.gob.mx\/animas.<\/p>\n","protected":false},"excerpt":{"rendered":"<p>M\u00c9RIDA, Yucat\u00e1n.- Entre flores, velas, fotos y recuerdos, M\u00e9rida celebr\u00f3 el Pix\u00e1n Peek 2025 en el Parque La Plancha, un encuentro lleno de emociones donde cientos de familias honraron la<\/p>\n","protected":false},"author":2,"featured_media":135763,"comment_status":"open","ping_status":"open","sticky":false,"template":"","format":"standard","meta":{"jetpack_post_was_ever_published":false,"_jetpack_newsletter_access":"","_jetpack_dont_email_post_to_subs":false,"_jetpack_newsletter_tier_id":0,"_jetpack_memberships_contains_paywalled_content":false,"_jetpack_memberships_contains_paid_content":false,"footnotes":"","jetpack_publicize_message":"","jetpack_publicize_feature_enabled":true,"jetpack_social_post_already_shared":true,"jetpack_social_options":{"image_generator_settings":{"template":"highway","default_image_id":0,"font":"","enabled":false},"version":2}},"categories":[54],"tags":[],"class_list":["post-135761","post","type-post","status-publish","format-standard","has-post-thumbnail","hentry","category-yucatan"],"jetpack_publicize_connections":[],"jetpack_featured_media_url":"https:\/\/formalprision.com\/wp-content\/uploads\/2025\/10\/WhatsApp-Image-2025-10-28-at-8.03.44-PM.jpeg","jetpack_sharing_enabled":true,"jetpack_shortlink":"https:\/\/wp.me\/p6id8p-zjH","_links":{"self":[{"href":"https:\/\/formalprision.com\/index.php?rest_route=\/wp\/v2\/posts\/135761","targetHints":{"allow":["GET"]}}],"collection":[{"href":"https:\/\/formalprision.com\/index.php?rest_route=\/wp\/v2\/posts"}],"about":[{"href":"https:\/\/formalprision.com\/index.php?rest_route=\/wp\/v2\/types\/post"}],"author":[{"embeddable":true,"href":"https:\/\/formalprision.com\/index.php?rest_route=\/wp\/v2\/users\/2"}],"replies":[{"embeddable":true,"href":"https:\/\/formalprision.com\/index.php?rest_route=%2Fwp%2Fv2%2Fcomments&post=135761"}],"version-history":[{"count":1,"href":"https:\/\/formalprision.com\/index.php?rest_route=\/wp\/v2\/posts\/135761\/revisions"}],"predecessor-version":[{"id":135762,"href":"https:\/\/formalprision.com\/index.php?rest_route=\/wp\/v2\/posts\/135761\/revisions\/135762"}],"wp:featuredmedia":[{"embeddable":true,"href":"https:\/\/formalprision.com\/index.php?rest_route=\/wp\/v2\/media\/135763"}],"wp:attachment":[{"href":"https:\/\/formalprision.com\/index.php?rest_route=%2Fwp%2Fv2%2Fmedia&parent=135761"}],"wp:term":[{"taxonomy":"category","embeddable":true,"href":"https:\/\/formalprision.com\/index.php?rest_route=%2Fwp%2Fv2%2Fcategories&post=135761"},{"taxonomy":"post_tag","embeddable":true,"href":"https:\/\/formalprision.com\/index.php?rest_route=%2Fwp%2Fv2%2Ftags&post=135761"}],"curies":[{"name":"wp","href":"https:\/\/api.w.org\/{rel}","templated":true}]}}