{"id":135767,"date":"2025-10-29T06:53:28","date_gmt":"2025-10-29T11:53:28","guid":{"rendered":"https:\/\/formalprision.com\/?p=135767"},"modified":"2025-10-30T08:15:47","modified_gmt":"2025-10-30T13:15:47","slug":"hijo-del-santo-anuncia-su-gira-de-despedida-estas-seran-sus-ultimas-luchas","status":"publish","type":"post","link":"https:\/\/formalprision.com\/?p=135767","title":{"rendered":"Hijo del Santo anuncia su gira de despedida; estas ser\u00e1n sus ultimas luchas"},"content":{"rendered":"\n<p>El \u2018Hijo del Santo, leyenda de la lucha libre en M\u00e9xico, confes\u00f3 haber sangrado y llorado a lo largo de su carrera profesional, que concluir\u00e1 el pr\u00f3ximo 13 de diciembre en la Ciudad de M\u00e9xico.<\/p>\n\n\n\n<p>Publicado por El Hijo del Santo en Martes, 28 de octubre de 2025<\/p>\n\n\n\n<p>\u201cDetr\u00e1s de cada victoria, hay ca\u00eddas, cicatrices y noches de soledad; pero tambi\u00e9n el amor a un legado, a un p\u00fablico, a una m\u00e1scara\u201d, asegur\u00f3 el gladiador al anunciar su gira de despedida, que tendr\u00e1 tres presentaciones.<\/p>\n\n\n\n<p>\u00abHe sangrado, he llorado y tambi\u00e9n he re\u00eddo detr\u00e1s de mi m\u00e1scara\u201d, puntualiz\u00f3.<\/p>\n\n\n\n<p>En rueda de prensa, el luchador cont\u00f3 algunas de sus an\u00e9cdotas m\u00e1s importantes en el deporte y confes\u00f3 que, a\u00fan despu\u00e9s de decir adi\u00f3s, mantendr\u00e1 oculta su identidad detr\u00e1s de la m\u00e1scara de plata porque nadie se la pudo arrebatar.<\/p>\n\n\n\n<p>El Hijo del Santo se presentar\u00e1 el 29 de noviembre de 2025 en Monterrey, Nuevo Le\u00f3n; el 6 de diciembre en Guadalajara, Jalisco, y terminar\u00e1 su carrera el 13 de diciembre en el Palacio de los Deportes de la Ciudad de M\u00e9xico.<\/p>\n\n\n\n<p>\u00abNo me retiro porque haya perdido la pasi\u00f3n, me retiro porque quiero cerrar mi historia con dignidad, con el coraz\u00f3n en alto y con la m\u00e1scara intacta; este es el combate que ning\u00fan luchador puede evitar, contra el paso del tiempo\u201d, dijo el deportista de 63 a\u00f1os de edad.<\/p>\n\n\n\n<p>Con una trayectoria de m\u00e1s de 40 a\u00f1os en los cuadril\u00e1teros, el peleador es uno de los ejemplos m\u00e1s contundentes de longevidad en la lucha libre, lo cual, seg\u00fan dio a entender este martes, est\u00e1 relacionado con su disciplina y su entrega al deporte.<\/p>\n\n\n\n<p>Con m\u00e1s de 50 m\u00e1scaras ganadas, el mexicano ha sido campe\u00f3n mundial de las divisiones ligera, welter y mediana. Aunque se mantiene en buen forma deportiva, ha decidido decir adi\u00f3s para dedicarse a la familia y a otros proyectos personales.<\/p>\n\n\n\n<p>\u201cTodos mis sue\u00f1os se fueron cumpliendo; luch\u00e9 en todas las empresas en M\u00e9xico. Empec\u00e9 como un luchador s\u00faper libre; despu\u00e9s llegu\u00e9 a los independientes, pis\u00e9 la Arena M\u00e9xico; he luchado en muchos lugares del mundo, he conquistado muchas m\u00e1scaras y cabelleras. No hay nada pendiente\u201d, afirm\u00f3.<\/p>\n","protected":false},"excerpt":{"rendered":"<p>El \u2018Hijo del Santo, leyenda de la lucha libre en M\u00e9xico, confes\u00f3 haber sangrado y llorado a lo largo de su carrera profesional, que concluir\u00e1 el pr\u00f3ximo 13 de diciembre<\/p>\n","protected":false},"author":2,"featured_media":135769,"comment_status":"open","ping_status":"open","sticky":false,"template":"","format":"standard","meta":{"jetpack_post_was_ever_published":false,"_jetpack_newsletter_access":"","_jetpack_dont_email_post_to_subs":false,"_jetpack_newsletter_tier_id":0,"_jetpack_memberships_contains_paywalled_content":false,"_jetpack_memberships_contains_paid_content":false,"footnotes":"","jetpack_publicize_message":"","jetpack_publicize_feature_enabled":true,"jetpack_social_post_already_shared":true,"jetpack_social_options":{"image_generator_settings":{"template":"highway","default_image_id":0,"font":"","enabled":false},"version":2}},"categories":[23,21],"tags":[],"class_list":["post-135767","post","type-post","status-publish","format-standard","has-post-thumbnail","hentry","category-del-mundo","category-nacionales"],"jetpack_publicize_connections":[],"jetpack_featured_media_url":"https:\/\/formalprision.com\/wp-content\/uploads\/2025\/10\/sano.jpg","jetpack_sharing_enabled":true,"jetpack_shortlink":"https:\/\/wp.me\/p6id8p-zjN","_links":{"self":[{"href":"https:\/\/formalprision.com\/index.php?rest_route=\/wp\/v2\/posts\/135767","targetHints":{"allow":["GET"]}}],"collection":[{"href":"https:\/\/formalprision.com\/index.php?rest_route=\/wp\/v2\/posts"}],"about":[{"href":"https:\/\/formalprision.com\/index.php?rest_route=\/wp\/v2\/types\/post"}],"author":[{"embeddable":true,"href":"https:\/\/formalprision.com\/index.php?rest_route=\/wp\/v2\/users\/2"}],"replies":[{"embeddable":true,"href":"https:\/\/formalprision.com\/index.php?rest_route=%2Fwp%2Fv2%2Fcomments&post=135767"}],"version-history":[{"count":1,"href":"https:\/\/formalprision.com\/index.php?rest_route=\/wp\/v2\/posts\/135767\/revisions"}],"predecessor-version":[{"id":135768,"href":"https:\/\/formalprision.com\/index.php?rest_route=\/wp\/v2\/posts\/135767\/revisions\/135768"}],"wp:featuredmedia":[{"embeddable":true,"href":"https:\/\/formalprision.com\/index.php?rest_route=\/wp\/v2\/media\/135769"}],"wp:attachment":[{"href":"https:\/\/formalprision.com\/index.php?rest_route=%2Fwp%2Fv2%2Fmedia&parent=135767"}],"wp:term":[{"taxonomy":"category","embeddable":true,"href":"https:\/\/formalprision.com\/index.php?rest_route=%2Fwp%2Fv2%2Fcategories&post=135767"},{"taxonomy":"post_tag","embeddable":true,"href":"https:\/\/formalprision.com\/index.php?rest_route=%2Fwp%2Fv2%2Ftags&post=135767"}],"curies":[{"name":"wp","href":"https:\/\/api.w.org\/{rel}","templated":true}]}}