{"id":135799,"date":"2025-10-30T08:13:39","date_gmt":"2025-10-30T13:13:39","guid":{"rendered":"https:\/\/formalprision.com\/?p=135799"},"modified":"2025-10-31T07:57:46","modified_gmt":"2025-10-31T12:57:46","slug":"ayuntamiento-de-merida-promueve-el-uso-de-la-bicicleta-en-el-festival-de-las-animas","status":"publish","type":"post","link":"https:\/\/formalprision.com\/?p=135799","title":{"rendered":"Ayuntamiento de M\u00e9rida promueve el uso de la bicicleta en el Festival de las \u00c1nimas\u00a0"},"content":{"rendered":"\n<p>M\u00e9rida, Yucat\u00e1n, mi\u00e9rcoles 29 de octubre de 2025.- Con m\u00e1s de mil participantes, el Ayuntamiento de M\u00e9rida que encabeza Cecilia Patr\u00f3n Laviada realiz\u00f3 la Rodada de las \u00c1nimas 2025 entre el Parque de la Ermita y el Cementerio General.&nbsp;<\/p>\n\n\n\n<p>La ruta es una de los momentos m\u00e1s esperados del Festival de las \u00c1nimas, que este a\u00f1o se realiza del 25 de octubre al 2 de noviembre con amplio programa de actividades.<\/p>\n\n\n\n<p>El recorrido de tres kil\u00f3metros llev\u00f3 a los ciclistas hasta el Cementerio General, donde personal de la Direcci\u00f3n de Cultura ofreci\u00f3 una explicaci\u00f3n sobre la historia y el valor de los mausoleos m\u00e1s emblem\u00e1ticos. Despu\u00e9s de la visita, el contingente regres\u00f3 a la Ermita, donde se realiz\u00f3 la premiaci\u00f3n a las bicicletas mejor decoradas, en un ambiente de convivencia, creatividad y tradici\u00f3n.<\/p>\n\n\n\n<p>Al finalizar el evento se otorgaron premios de 3 mil, 2 mil y 1 mil pesos a las tres bicicletas mejor adornadas, inspiradas en la tem\u00e1tica del D\u00eda de Muertos.&nbsp;<\/p>\n\n\n\n<p>La Rodada de las \u00c1nimas, organizada en conjunto con Cicloturixes A.C. y con el apoyo de la iniciativa privada, reuni\u00f3 a familias meridanas, visitantes nacionales y extranjeros. La actividad tambi\u00e9n cont\u00f3 con la colaboraci\u00f3n de la empresa Power Ade, que se sum\u00f3 a esta jornada de tradici\u00f3n y convivencia.<\/p>\n\n\n\n<p>La ciudadan\u00eda puede consultar la cartelera completa de actividades del Festival de las \u00c1nimas 2025 en merida.gob.mx\/animas.<\/p>\n","protected":false},"excerpt":{"rendered":"<p>M\u00e9rida, Yucat\u00e1n, mi\u00e9rcoles 29 de octubre de 2025.- Con m\u00e1s de mil participantes, el Ayuntamiento de M\u00e9rida que encabeza Cecilia Patr\u00f3n Laviada realiz\u00f3 la Rodada de las \u00c1nimas 2025 entre<\/p>\n","protected":false},"author":1,"featured_media":135800,"comment_status":"open","ping_status":"open","sticky":false,"template":"","format":"standard","meta":{"jetpack_post_was_ever_published":false,"_jetpack_newsletter_access":"","_jetpack_dont_email_post_to_subs":false,"_jetpack_newsletter_tier_id":0,"_jetpack_memberships_contains_paywalled_content":false,"_jetpack_memberships_contains_paid_content":false,"footnotes":"","jetpack_publicize_message":"","jetpack_publicize_feature_enabled":true,"jetpack_social_post_already_shared":true,"jetpack_social_options":{"image_generator_settings":{"template":"highway","default_image_id":0,"font":"","enabled":false},"version":2}},"categories":[14],"tags":[],"class_list":["post-135799","post","type-post","status-publish","format-standard","has-post-thumbnail","hentry","category-merida"],"jetpack_publicize_connections":[],"jetpack_featured_media_url":"https:\/\/formalprision.com\/wp-content\/uploads\/2025\/10\/IMG-20251029-WA0157.jpg","jetpack_sharing_enabled":true,"jetpack_shortlink":"https:\/\/wp.me\/p6id8p-zkj","_links":{"self":[{"href":"https:\/\/formalprision.com\/index.php?rest_route=\/wp\/v2\/posts\/135799","targetHints":{"allow":["GET"]}}],"collection":[{"href":"https:\/\/formalprision.com\/index.php?rest_route=\/wp\/v2\/posts"}],"about":[{"href":"https:\/\/formalprision.com\/index.php?rest_route=\/wp\/v2\/types\/post"}],"author":[{"embeddable":true,"href":"https:\/\/formalprision.com\/index.php?rest_route=\/wp\/v2\/users\/1"}],"replies":[{"embeddable":true,"href":"https:\/\/formalprision.com\/index.php?rest_route=%2Fwp%2Fv2%2Fcomments&post=135799"}],"version-history":[{"count":1,"href":"https:\/\/formalprision.com\/index.php?rest_route=\/wp\/v2\/posts\/135799\/revisions"}],"predecessor-version":[{"id":135801,"href":"https:\/\/formalprision.com\/index.php?rest_route=\/wp\/v2\/posts\/135799\/revisions\/135801"}],"wp:featuredmedia":[{"embeddable":true,"href":"https:\/\/formalprision.com\/index.php?rest_route=\/wp\/v2\/media\/135800"}],"wp:attachment":[{"href":"https:\/\/formalprision.com\/index.php?rest_route=%2Fwp%2Fv2%2Fmedia&parent=135799"}],"wp:term":[{"taxonomy":"category","embeddable":true,"href":"https:\/\/formalprision.com\/index.php?rest_route=%2Fwp%2Fv2%2Fcategories&post=135799"},{"taxonomy":"post_tag","embeddable":true,"href":"https:\/\/formalprision.com\/index.php?rest_route=%2Fwp%2Fv2%2Ftags&post=135799"}],"curies":[{"name":"wp","href":"https:\/\/api.w.org\/{rel}","templated":true}]}}