{"id":135811,"date":"2025-10-30T19:31:17","date_gmt":"2025-10-31T00:31:17","guid":{"rendered":"https:\/\/formalprision.com\/?p=135811"},"modified":"2025-10-30T19:31:17","modified_gmt":"2025-10-31T00:31:17","slug":"la-ermita-lista-para-recibir-el-paseo-de-las-animas","status":"publish","type":"post","link":"https:\/\/formalprision.com\/?p=135811","title":{"rendered":"La Ermita lista para recibir el Paseo de las \u00c1nimas"},"content":{"rendered":"\n<p>M\u00c9RIDA, Yucat\u00e1n.- La Ermita de Santa Isabel est\u00e1 lista para recibir el Paseo de las \u00c1nimas 2025, luego de los trabajos de mantenimiento y nivelaci\u00f3n de adoquines para devolver el trazado original a la emblem\u00e1tica zona.<\/p>\n\n\n\n<p>La presidenta municipal de M\u00e9rida, Cecilia Patr\u00f3n Laviada, dispuso la intervenci\u00f3n en calles del barrio m\u00e1gico rumbo a la tradicional celebraci\u00f3n en las que las \u00e1nimas tomar\u00e1n las calles este 31 de octubre, saliendo del Cementerio General hasta el parque de San Juan.<\/p>\n\n\n\n<p>La Direcci\u00f3n de Obras P\u00fablicas concluy\u00f3 en tiempo y forma el mantenimiento y colocaci\u00f3n de 164 mil 935 adoquines de un \u00e1rea de 2 mil 865 metros cuadrados donde compact\u00f3 el piso con una base de material de banco, que cubri\u00f3 con una cama de arena s\u00edlica, calibr\u00f3 alturas y niveles en calles, banquetas y andadores.<\/p>\n\n\n\n<p>Adem\u00e1s realizaron obras de alba\u00f1iler\u00eda, renivelaci\u00f3n de tapas y registros, afinado de cunetas y limpieza en el \u00e1rea que comprende la calle 66 desde la 77 hasta la 79 y las calles 77 A con 64 A y 66, y la calle 77 entre 64 A y 66, que rodean el parque de la Ermita.<\/p>\n\n\n\n<p>La obra de preservaci\u00f3n de este sitio emblem\u00e1tico de la ciudad empez\u00f3 el pasado 29 de julio y en todo momento se cont\u00f3 con el apoyo de agentes de la Secretar\u00eda de Seguridad P\u00fablica (SSP) para facilitar el tr\u00e1nsito.<\/p>\n\n\n\n<p>El Ayuntamiento de M\u00e9rida invita a disfrutar de los atractivos visuales y gastron\u00f3micos que este viernes 31 de octubre habr\u00e1 en el Parque de la Ermita durante el Paseo de las \u00c1nimas.<\/p>\n\n\n\n<p>El derrotero comienza en la entrada del Cementerio General y a lo largo del camino hasta el Parque de San Juan habr\u00e1 diversos atractivos. Consulta la cartelera en https:\/\/www.merida.gob.mx\/animas\/<\/p>\n","protected":false},"excerpt":{"rendered":"<p>M\u00c9RIDA, Yucat\u00e1n.- La Ermita de Santa Isabel est\u00e1 lista para recibir el Paseo de las \u00c1nimas 2025, luego de los trabajos de mantenimiento y nivelaci\u00f3n de adoquines para devolver el<\/p>\n","protected":false},"author":2,"featured_media":135813,"comment_status":"open","ping_status":"open","sticky":false,"template":"","format":"standard","meta":{"jetpack_post_was_ever_published":false,"_jetpack_newsletter_access":"","_jetpack_dont_email_post_to_subs":false,"_jetpack_newsletter_tier_id":0,"_jetpack_memberships_contains_paywalled_content":false,"_jetpack_memberships_contains_paid_content":false,"footnotes":"","jetpack_publicize_message":"","jetpack_publicize_feature_enabled":true,"jetpack_social_post_already_shared":true,"jetpack_social_options":{"image_generator_settings":{"template":"highway","default_image_id":0,"font":"","enabled":false},"version":2}},"categories":[14],"tags":[],"class_list":["post-135811","post","type-post","status-publish","format-standard","has-post-thumbnail","hentry","category-merida"],"jetpack_publicize_connections":[],"jetpack_featured_media_url":"https:\/\/formalprision.com\/wp-content\/uploads\/2025\/10\/WhatsApp-Image-2025-10-30-at-4.17.02-PM.jpeg","jetpack_sharing_enabled":true,"jetpack_shortlink":"https:\/\/wp.me\/p6id8p-zkv","_links":{"self":[{"href":"https:\/\/formalprision.com\/index.php?rest_route=\/wp\/v2\/posts\/135811","targetHints":{"allow":["GET"]}}],"collection":[{"href":"https:\/\/formalprision.com\/index.php?rest_route=\/wp\/v2\/posts"}],"about":[{"href":"https:\/\/formalprision.com\/index.php?rest_route=\/wp\/v2\/types\/post"}],"author":[{"embeddable":true,"href":"https:\/\/formalprision.com\/index.php?rest_route=\/wp\/v2\/users\/2"}],"replies":[{"embeddable":true,"href":"https:\/\/formalprision.com\/index.php?rest_route=%2Fwp%2Fv2%2Fcomments&post=135811"}],"version-history":[{"count":1,"href":"https:\/\/formalprision.com\/index.php?rest_route=\/wp\/v2\/posts\/135811\/revisions"}],"predecessor-version":[{"id":135812,"href":"https:\/\/formalprision.com\/index.php?rest_route=\/wp\/v2\/posts\/135811\/revisions\/135812"}],"wp:featuredmedia":[{"embeddable":true,"href":"https:\/\/formalprision.com\/index.php?rest_route=\/wp\/v2\/media\/135813"}],"wp:attachment":[{"href":"https:\/\/formalprision.com\/index.php?rest_route=%2Fwp%2Fv2%2Fmedia&parent=135811"}],"wp:term":[{"taxonomy":"category","embeddable":true,"href":"https:\/\/formalprision.com\/index.php?rest_route=%2Fwp%2Fv2%2Fcategories&post=135811"},{"taxonomy":"post_tag","embeddable":true,"href":"https:\/\/formalprision.com\/index.php?rest_route=%2Fwp%2Fv2%2Ftags&post=135811"}],"curies":[{"name":"wp","href":"https:\/\/api.w.org\/{rel}","templated":true}]}}