{"id":135823,"date":"2025-10-30T23:06:05","date_gmt":"2025-10-31T04:06:05","guid":{"rendered":"https:\/\/formalprision.com\/?p=135823"},"modified":"2025-11-01T00:45:48","modified_gmt":"2025-11-01T05:45:48","slug":"el-festival-de-las-animas-2025-se-vive-en-las-colonias-de-merida-y-une-a-la-comunidad","status":"publish","type":"post","link":"https:\/\/formalprision.com\/?p=135823","title":{"rendered":"El Festival de las \u00c1nimas 2025 se vive en las colonias de M\u00e9rida y une a la comunidad"},"content":{"rendered":"\n<p>M\u00c9RIDA, Yucat\u00e1n.- El Ayuntamiento de M\u00e9rida, a trav\u00e9s de la Direcci\u00f3n de Desarrollo Social y Combate a la Pobreza, celebr\u00f3 el Pix\u00e1n Paalal, un evento que reuni\u00f3 a m\u00e1s de mil meridanas y meridanos para disfrutar de una noche llena de tradici\u00f3n, cultura y convivencia en el marco del Festival de las \u00c1nimas 2025.<\/p>\n\n\n\n<p>M\u00e1s de cien ni\u00f1as y ni\u00f1os de los diferentes Centros Aprende, representaron con entusiasmo la tradicional llegada de las \u00e1nimas infantiles al mundo de los vivos, con vestuarios coloridos, m\u00fasica envolvente y actuaciones logrando que los asistentes&nbsp; disfrutaran de una tarde emotiva en el Parque de la Visita en el fraccionamiento Juan Pablo II.<\/p>\n\n\n\n<p>Ataviados con hipiles, ternos, guayaberas y pantalones blancos, las peque\u00f1as \u00e1nimas encabezaron la procesi\u00f3n por el camino iluminado con velas y flores, hasta llegar al atrio de la iglesia, donde cientos de personas los esperaban con emoci\u00f3n.<\/p>\n\n\n\n<p>El director de Desarrollo Social y Combate a la Pobreza, Arturo Le\u00f3n Itz\u00e1, destac\u00f3 la importancia de seguir creando espacios de sana convivencia que fortalezcan la participaci\u00f3n ciudadana, especialmente en las colonias y comisar\u00edas del sur de la ciudad.&nbsp;<\/p>\n\n\n\n<p>\u00abTal como nos indic\u00f3 nuestra presidenta municipal, Cecilia Patr\u00f3n Laviada, en el Ayuntamiento impulsamos programas como estos encuentros que nos permiten preservar nuestras tradiciones, pero tambi\u00e9n fortalecer la uni\u00f3n familiar y el sentido de comunidad que caracteriza a M\u00e9rida\u00bb, expres\u00f3 con entusiasmo.<\/p>\n\n\n\n<p>Destac\u00f3 que llevar actividades como el Pix\u00e1n Paalal a las colonias es parte del compromiso de la alcaldesa de acercarse a la ciudadan\u00eda, escuchando, compartiendo y construyendo juntos una M\u00e9rida m\u00e1s unida e incluyente.&nbsp;<\/p>\n\n\n\n<p>Indic\u00f3 que estos espacios permiten a los vecinos apropiarse de sus parques y espacios p\u00fablicos, fortaleciendo el tejido social y generando un entorno m\u00e1s seguro y participativo para todos.<\/p>\n\n\n\n<p>El Pix\u00e1n Paalal fue un evento vibrante y emotivo que congreg\u00f3 a familias enteras para disfrutar de cuentos y leyendas mayas, desfiles coloridos, altares infantiles y espect\u00e1culos especiales, como el show de la T\u00eda Chela, creando un ambiente m\u00e1gico y lleno de tradici\u00f3n.<\/p>\n\n\n\n<p>Tambi\u00e9n se cont\u00f3 con el Show de Jarana, un baile t\u00edpico del estado que llen\u00f3 el parque de m\u00fasica, ritmo y orgullo yucateco. El evento cerr\u00f3 con la presentaci\u00f3n del reconocido Jorge Moreno, quien cautiv\u00f3 a los asistentes con sus cuentos y leyendas de misterio, dando un toque especial a una noche inolvidable.<\/p>\n\n\n\n<p>Para consultar la cartelera completa de las actividades del Festival de las \u00c1nimas 2025, visita merida.gob.mx\/animas<\/p>\n","protected":false},"excerpt":{"rendered":"<p>M\u00c9RIDA, Yucat\u00e1n.- El Ayuntamiento de M\u00e9rida, a trav\u00e9s de la Direcci\u00f3n de Desarrollo Social y Combate a la Pobreza, celebr\u00f3 el Pix\u00e1n Paalal, un evento que reuni\u00f3 a m\u00e1s de<\/p>\n","protected":false},"author":2,"featured_media":135825,"comment_status":"open","ping_status":"open","sticky":false,"template":"","format":"standard","meta":{"jetpack_post_was_ever_published":false,"_jetpack_newsletter_access":"","_jetpack_dont_email_post_to_subs":false,"_jetpack_newsletter_tier_id":0,"_jetpack_memberships_contains_paywalled_content":false,"_jetpack_memberships_contains_paid_content":false,"footnotes":"","jetpack_publicize_message":"","jetpack_publicize_feature_enabled":true,"jetpack_social_post_already_shared":true,"jetpack_social_options":{"image_generator_settings":{"template":"highway","default_image_id":0,"font":"","enabled":false},"version":2}},"categories":[14],"tags":[],"class_list":["post-135823","post","type-post","status-publish","format-standard","has-post-thumbnail","hentry","category-merida"],"jetpack_publicize_connections":[],"jetpack_featured_media_url":"https:\/\/formalprision.com\/wp-content\/uploads\/2025\/10\/WhatsApp-Image-2025-10-30-at-9.50.45-PM.jpeg","jetpack_sharing_enabled":true,"jetpack_shortlink":"https:\/\/wp.me\/p6id8p-zkH","_links":{"self":[{"href":"https:\/\/formalprision.com\/index.php?rest_route=\/wp\/v2\/posts\/135823","targetHints":{"allow":["GET"]}}],"collection":[{"href":"https:\/\/formalprision.com\/index.php?rest_route=\/wp\/v2\/posts"}],"about":[{"href":"https:\/\/formalprision.com\/index.php?rest_route=\/wp\/v2\/types\/post"}],"author":[{"embeddable":true,"href":"https:\/\/formalprision.com\/index.php?rest_route=\/wp\/v2\/users\/2"}],"replies":[{"embeddable":true,"href":"https:\/\/formalprision.com\/index.php?rest_route=%2Fwp%2Fv2%2Fcomments&post=135823"}],"version-history":[{"count":1,"href":"https:\/\/formalprision.com\/index.php?rest_route=\/wp\/v2\/posts\/135823\/revisions"}],"predecessor-version":[{"id":135824,"href":"https:\/\/formalprision.com\/index.php?rest_route=\/wp\/v2\/posts\/135823\/revisions\/135824"}],"wp:featuredmedia":[{"embeddable":true,"href":"https:\/\/formalprision.com\/index.php?rest_route=\/wp\/v2\/media\/135825"}],"wp:attachment":[{"href":"https:\/\/formalprision.com\/index.php?rest_route=%2Fwp%2Fv2%2Fmedia&parent=135823"}],"wp:term":[{"taxonomy":"category","embeddable":true,"href":"https:\/\/formalprision.com\/index.php?rest_route=%2Fwp%2Fv2%2Fcategories&post=135823"},{"taxonomy":"post_tag","embeddable":true,"href":"https:\/\/formalprision.com\/index.php?rest_route=%2Fwp%2Fv2%2Ftags&post=135823"}],"curies":[{"name":"wp","href":"https:\/\/api.w.org\/{rel}","templated":true}]}}