{"id":135830,"date":"2025-10-31T08:28:17","date_gmt":"2025-10-31T13:28:17","guid":{"rendered":"https:\/\/formalprision.com\/?p=135830"},"modified":"2025-10-31T08:28:17","modified_gmt":"2025-10-31T13:28:17","slug":"refrendan-alianza-estrategica-por-la-seguridad-de-yucatan","status":"publish","type":"post","link":"https:\/\/formalprision.com\/?p=135830","title":{"rendered":"Refrendan alianza estrat\u00e9gica por la seguridad de Yucat\u00e1n"},"content":{"rendered":"\n<p><br>\u00a0Ciudad de M\u00e9xico, a 30 de octubre de 2025.-El gobernador Joaqu\u00edn D\u00edaz Mena sostuvo una reuni\u00f3n de trabajo con el secretario de Seguridad y Protecci\u00f3n Ciudadana del Gobierno de M\u00e9xico, Omar Garc\u00eda Harfuch, en la que ambos refrendaron su compromiso de seguir fortaleciendo la coordinaci\u00f3n entre el Gobierno del Estado y la Federaci\u00f3n para preservar la paz, la tranquilidad y el bienestar de las familias yucatecas.<br>\u00a0<br>Durante el encuentro, se revisaron los avances de las estrategias conjuntas en materia de seguridad p\u00fablica y se acord\u00f3 reforzar los mecanismos de cooperaci\u00f3n operativa, prevenci\u00f3n del delito y profesionalizaci\u00f3n de los cuerpos policiales, con el objetivo de mantener los altos est\u00e1ndares de seguridad que distinguen a Yucat\u00e1n.<br>\u00a0<br>D\u00edaz Mena destac\u00f3 que mantener a Yucat\u00e1n como uno de los estados m\u00e1s seguros del pa\u00eds es resultado de una pol\u00edtica de Estado basada en la coordinaci\u00f3n, la planeaci\u00f3n y la voluntad compartida entre los tres \u00f3rdenes de gobierno.<br>\u00a0<br>\u201cEn Yucat\u00e1n la seguridad no se presume, se construye todos los d\u00edas. Nuestra prioridad es proteger la paz y el bienestar de las familias yucatecas\u201d, afirm\u00f3 el mandatario.<br>\u00a0<br>El secretario Garc\u00eda Harfuch reconoci\u00f3 los resultados alcanzados por Yucat\u00e1n en materia de seguridad y subray\u00f3 la importancia de mantener una colaboraci\u00f3n estrecha y permanente con el Gobierno del Estado.<br>\u00a0<br>Ambos coincidieron en que la seguridad es el cimiento del desarrollo econ\u00f3mico y social de la entidad, por lo que acordaron fortalecer los proyectos conjuntos de prevenci\u00f3n, equipamiento y capacitaci\u00f3n, asegurando as\u00ed la continuidad de un modelo de seguridad exitoso y sostenible (Comunicado de Prensa)<br>\u00a0<\/p>\n","protected":false},"excerpt":{"rendered":"<p>\u00a0Ciudad de M\u00e9xico, a 30 de octubre de 2025.-El gobernador Joaqu\u00edn D\u00edaz Mena sostuvo una reuni\u00f3n de trabajo con el secretario de Seguridad y Protecci\u00f3n Ciudadana del Gobierno de M\u00e9xico,<\/p>\n","protected":false},"author":1,"featured_media":135831,"comment_status":"open","ping_status":"open","sticky":false,"template":"","format":"standard","meta":{"jetpack_post_was_ever_published":false,"_jetpack_newsletter_access":"","_jetpack_dont_email_post_to_subs":false,"_jetpack_newsletter_tier_id":0,"_jetpack_memberships_contains_paywalled_content":false,"_jetpack_memberships_contains_paid_content":false,"footnotes":"","jetpack_publicize_message":"","jetpack_publicize_feature_enabled":true,"jetpack_social_post_already_shared":true,"jetpack_social_options":{"image_generator_settings":{"template":"highway","default_image_id":0,"font":"","enabled":false},"version":2}},"categories":[14],"tags":[],"class_list":["post-135830","post","type-post","status-publish","format-standard","has-post-thumbnail","hentry","category-merida"],"jetpack_publicize_connections":[],"jetpack_featured_media_url":"https:\/\/formalprision.com\/wp-content\/uploads\/2025\/10\/IMG-20251030-WA0137.jpg","jetpack_sharing_enabled":true,"jetpack_shortlink":"https:\/\/wp.me\/p6id8p-zkO","_links":{"self":[{"href":"https:\/\/formalprision.com\/index.php?rest_route=\/wp\/v2\/posts\/135830","targetHints":{"allow":["GET"]}}],"collection":[{"href":"https:\/\/formalprision.com\/index.php?rest_route=\/wp\/v2\/posts"}],"about":[{"href":"https:\/\/formalprision.com\/index.php?rest_route=\/wp\/v2\/types\/post"}],"author":[{"embeddable":true,"href":"https:\/\/formalprision.com\/index.php?rest_route=\/wp\/v2\/users\/1"}],"replies":[{"embeddable":true,"href":"https:\/\/formalprision.com\/index.php?rest_route=%2Fwp%2Fv2%2Fcomments&post=135830"}],"version-history":[{"count":1,"href":"https:\/\/formalprision.com\/index.php?rest_route=\/wp\/v2\/posts\/135830\/revisions"}],"predecessor-version":[{"id":135832,"href":"https:\/\/formalprision.com\/index.php?rest_route=\/wp\/v2\/posts\/135830\/revisions\/135832"}],"wp:featuredmedia":[{"embeddable":true,"href":"https:\/\/formalprision.com\/index.php?rest_route=\/wp\/v2\/media\/135831"}],"wp:attachment":[{"href":"https:\/\/formalprision.com\/index.php?rest_route=%2Fwp%2Fv2%2Fmedia&parent=135830"}],"wp:term":[{"taxonomy":"category","embeddable":true,"href":"https:\/\/formalprision.com\/index.php?rest_route=%2Fwp%2Fv2%2Fcategories&post=135830"},{"taxonomy":"post_tag","embeddable":true,"href":"https:\/\/formalprision.com\/index.php?rest_route=%2Fwp%2Fv2%2Ftags&post=135830"}],"curies":[{"name":"wp","href":"https:\/\/api.w.org\/{rel}","templated":true}]}}