{"id":135839,"date":"2025-10-31T19:23:51","date_gmt":"2025-11-01T00:23:51","guid":{"rendered":"https:\/\/formalprision.com\/?p=135839"},"modified":"2025-10-31T19:23:51","modified_gmt":"2025-11-01T00:23:51","slug":"anuncian-ganadores-del-fondo-editorial-2025-del-ayuntamiento-de-merida","status":"publish","type":"post","link":"https:\/\/formalprision.com\/?p=135839","title":{"rendered":"Anuncian ganadores del Fondo Editorial 2025 del Ayuntamiento de M\u00e9rida"},"content":{"rendered":"\n<p>M\u00e9rida, Yucat\u00e1n, viernes 31 de octubre de 2025.- Siete nuevas obras literarias fueron seleccionadas por el Fondo Editorial 2025 del Ayuntamiento de M\u00e9rida que vendr\u00e1n a enriquecer la vida cultural de la ciudad.<\/p>\n\n\n\n<p>De acuerdo con el laudo del jurado, las obras fueron seleccionadas por unanimidad, por su calidad, su uso innovador del lenguaje, originalidad, el valor de sus reflexiones y aportaci\u00f3n a la cultura yucateca.<\/p>\n\n\n\n<p>La apertura de plicas se realiz\u00f3 en el Centro Cultural Jos\u00e9 Mart\u00ed. A esta edici\u00f3n de la convocatoria respondieron escritores y escritoras con 29 trabajos literarios en las categor\u00edas de cr\u00f3nica (cuatro obras), cuento (ocho), dramaturgia (tres), cuento infantil (dos), ensayo (tres), Investigaci\u00f3n en humanidades (uno), novela (uno), periodismo cultural (tres), poes\u00eda (cuatro).<\/p>\n\n\n\n<p>El laudo fue le\u00eddo, en videollamada, por Gabriela J\u00e1uregui, integrante del jurado, del cual tambi\u00e9n formaron parte Imanol Caneyada y Ave Barrera, escritoras y escritores con amplia trayectoria del Sistema Nacional de Creadores de Arte.<\/p>\n\n\n\n<p>Por primera ocasi\u00f3n, la edici\u00f3n 2025 del Fondo Editorial se abri\u00f3 a escritoras y escritores extranjeros que tengan una residencia m\u00ednima de tres a\u00f1os en la ciudad, del cual result\u00f3 seleccionado el trabajo \u201cDido. La reina del Bar Cartago\u201d, (seud\u00f3nimo Sibila) en dramaturgia, de Carlos Daniel Sarmiento Barlet (originario de Cuba, con nacionalidad mexicana). Tambi\u00e9n fueron seleccionadas las siguientes obras editoriales:<\/p>\n\n\n\n<p>\u201cEl desplazamiento de los p\u00e1jaros\u201d (con el seud\u00f3nino Mabrech) en la categor\u00eda de cr\u00f3nica, de Eder Alberto Talavera Camacho.<\/p>\n\n\n\n<p>\u201cEl su\u00e9ter de la t\u00eda segunda\u201d (seud\u00f3nimo Pastora Aguilar,) en cuento infantil, de A\u00edda Mar\u00eda Borges Aguilar.<\/p>\n\n\n\n<p>\u201cLa sabidur\u00eda maya a trav\u00e9s del lenguaje\u201d (seud\u00f3nimo Aluxito) en periodismo cultural, de Jos\u00e9 Manuel Tec Tun.<\/p>\n\n\n\n<p>\u201cFalso Profeta\u201d (seud\u00f3nimo Tlalxixi) en cr\u00f3nica, de Gabriel Espinoza Zazueta.<\/p>\n\n\n\n<p>\u201cLleno de Bal\u00f3n\u201d (seud\u00f3nimo Edson Arantes Do Maradona) con cuento infantil, de Miguel \u00c1ngel Cocom May\u00e9n.<\/p>\n\n\n\n<p>\u201cC\u00f3mo sacarse un poema de la manga\u201d (seud\u00f3nimo Wonder wu) en poes\u00eda, de \u00c1lvaro Omar Canto Torres.<\/p>\n\n\n\n<p>El premio consiste en la publicaci\u00f3n de las obras seleccionadas en el a\u00f1o 2026, con un tiraje de 500 ejemplares -antes era de 300-, de los cuales el 25% corresponder\u00e1 a las autoras y autores.<\/p>\n\n\n\n<p>Karla Berr\u00f3n C\u00e1mara, directora de Identidad y Cultura y Josu\u00e9 Morelos Echeverr\u00eda, subdirector de Conservaci\u00f3n y Difusi\u00f3n Patrimonial, celebraron que el fondo editorial siga apoyando la creaci\u00f3n literaria y nuevas plumas respondieron a la convocatoria, Atestigu\u00f3 la apertura de plicas el Lic. Mauricio Alberto de Jes\u00fas Tappan y Repetto, de la Notar\u00eda No. 45.<\/p>\n","protected":false},"excerpt":{"rendered":"<p>M\u00e9rida, Yucat\u00e1n, viernes 31 de octubre de 2025.- Siete nuevas obras literarias fueron seleccionadas por el Fondo Editorial 2025 del Ayuntamiento de M\u00e9rida que vendr\u00e1n a enriquecer la vida cultural<\/p>\n","protected":false},"author":1,"featured_media":135840,"comment_status":"open","ping_status":"open","sticky":false,"template":"","format":"standard","meta":{"jetpack_post_was_ever_published":false,"_jetpack_newsletter_access":"","_jetpack_dont_email_post_to_subs":false,"_jetpack_newsletter_tier_id":0,"_jetpack_memberships_contains_paywalled_content":false,"_jetpack_memberships_contains_paid_content":false,"footnotes":"","jetpack_publicize_message":"","jetpack_publicize_feature_enabled":true,"jetpack_social_post_already_shared":true,"jetpack_social_options":{"image_generator_settings":{"template":"highway","default_image_id":0,"font":"","enabled":false},"version":2}},"categories":[14],"tags":[],"class_list":["post-135839","post","type-post","status-publish","format-standard","has-post-thumbnail","hentry","category-merida"],"jetpack_publicize_connections":[],"jetpack_featured_media_url":"https:\/\/formalprision.com\/wp-content\/uploads\/2025\/10\/IMG-20251031-WA0122.jpg","jetpack_sharing_enabled":true,"jetpack_shortlink":"https:\/\/wp.me\/p6id8p-zkX","_links":{"self":[{"href":"https:\/\/formalprision.com\/index.php?rest_route=\/wp\/v2\/posts\/135839","targetHints":{"allow":["GET"]}}],"collection":[{"href":"https:\/\/formalprision.com\/index.php?rest_route=\/wp\/v2\/posts"}],"about":[{"href":"https:\/\/formalprision.com\/index.php?rest_route=\/wp\/v2\/types\/post"}],"author":[{"embeddable":true,"href":"https:\/\/formalprision.com\/index.php?rest_route=\/wp\/v2\/users\/1"}],"replies":[{"embeddable":true,"href":"https:\/\/formalprision.com\/index.php?rest_route=%2Fwp%2Fv2%2Fcomments&post=135839"}],"version-history":[{"count":1,"href":"https:\/\/formalprision.com\/index.php?rest_route=\/wp\/v2\/posts\/135839\/revisions"}],"predecessor-version":[{"id":135841,"href":"https:\/\/formalprision.com\/index.php?rest_route=\/wp\/v2\/posts\/135839\/revisions\/135841"}],"wp:featuredmedia":[{"embeddable":true,"href":"https:\/\/formalprision.com\/index.php?rest_route=\/wp\/v2\/media\/135840"}],"wp:attachment":[{"href":"https:\/\/formalprision.com\/index.php?rest_route=%2Fwp%2Fv2%2Fmedia&parent=135839"}],"wp:term":[{"taxonomy":"category","embeddable":true,"href":"https:\/\/formalprision.com\/index.php?rest_route=%2Fwp%2Fv2%2Fcategories&post=135839"},{"taxonomy":"post_tag","embeddable":true,"href":"https:\/\/formalprision.com\/index.php?rest_route=%2Fwp%2Fv2%2Ftags&post=135839"}],"curies":[{"name":"wp","href":"https:\/\/api.w.org\/{rel}","templated":true}]}}