{"id":135853,"date":"2025-10-31T20:07:55","date_gmt":"2025-11-01T01:07:55","guid":{"rendered":"https:\/\/formalprision.com\/?p=135853"},"modified":"2025-11-01T00:38:55","modified_gmt":"2025-11-01T05:38:55","slug":"en-merida-construimos-alianzas-para-el-turismo-el-desarrollo-y-la-prosperidad-cecilia-patron","status":"publish","type":"post","link":"https:\/\/formalprision.com\/?p=135853","title":{"rendered":"En M\u00e9rida construimos alianzas para el turismo, el desarrollo y la prosperidad: Cecilia Patr\u00f3n"},"content":{"rendered":"\n<p>M\u00c9RIDA, Yucat\u00e1n.- El Cabildo de M\u00e9rida autoriz\u00f3 por unanimidad celebrar un Convenio Marco de Colaboraci\u00f3n para el Intercambio de Experiencias en Materia Econ\u00f3mica, Tur\u00edstica, Cultural y de Empleo con el Municipio de La Paz, Baja California Sur, buscando la apertura con otros gobiernos municipales de apuntalar la prosperidad compartida en beneficio de las familias de ambos municipios.<\/p>\n\n\n\n<p>\u201cEn M\u00e9rida seguimos construyendo alianzas que impulsan el desarrollo, la prosperidad y el turismo, teniendo en cuenta las virtudes de nuestra ciudad y sus comisar\u00edas, acercarlas a m\u00e1s polos de econom\u00eda compartida que permitan darle a las y los meridanos m\u00e1s oportunidades de prosperidad y calidad de vida\u201d, asever\u00f3 Cecilia Patr\u00f3n.<\/p>\n\n\n\n<p>La alcaldesa meridana resalt\u00f3 que ambos gobiernos municipales podr\u00e1n realizar actividades de promoci\u00f3n y difusi\u00f3n de atractivos tur\u00edsticos, gastronom\u00eda, intercambio de informaci\u00f3n, documentaci\u00f3n y materiales promocionales, a la par de organizaci\u00f3n de ferias, seminarios y congresos, intercambio cultural, tur\u00edstico, art\u00edstico, tradiciones y fiestas regionales,<\/p>\n\n\n\n<p>De igual forma, el cabildo meridano aprob\u00f3 dos acuerdos de convocatorias y bases de licitaciones para obras relativas a la rehabilitaci\u00f3n de sistema de agua potable y pavimentaci\u00f3n de calles en la comisar\u00eda de Cholul, construcci\u00f3n de pavimento en las comisar\u00edas de Chablekal y San Jos\u00e9 Tzal, y la construcci\u00f3n de guarniciones y banquetas en la comisar\u00eda de San Pedro Chimay que se ejecutar\u00e1n con Recursos del Fondo de Aportaciones para la Infraestructura Social Municipal y de las Demarcaciones Territoriales.<\/p>\n\n\n\n<p>Tambi\u00e9n se licitar\u00e1n obras de construcci\u00f3n para el Parque Villa Magna del Sur (segunda etapa); la rehabilitaci\u00f3n de espacios deportivos en los fraccionamientos Ciudad Caucel y Juan Pablo II, y rehabilitaci\u00f3n de parques en los fraccionamientos Unidad Morelos y Wallis, mediante la aplicaci\u00f3n de Recursos Fiscales y de Fortalecimiento.<\/p>\n\n\n\n<p>\u201cCon esto seguimos trabajando por una M\u00e9rida que crece con oportunidades y prosperidad para todas y todos, con calles, servicios y espacios p\u00fablicos con una mayor justicia social para la plenitud de las familias de M\u00e9rida\u201d, agreg\u00f3 Patr\u00f3n Laviada.<\/p>\n\n\n\n<p>En asuntos generales, la S\u00edndica Municipal de M\u00e9rida, Mar\u00eda Cristina Castillo Espinosa, present\u00f3 una actualizaci\u00f3n integral sobre el Sistema Individual para el Retiro y Jubilaci\u00f3n Municipal (SIRJUM), reiterando el compromiso de la administraci\u00f3n con la protecci\u00f3n del patrimonio de las y los trabajadores municipales.<\/p>\n\n\n\n<p>Subray\u00f3 que el SIRJUM representa la confianza y el futuro de quienes han dedicado su vida al servicio p\u00fablico, por lo que desde el inicio de la administraci\u00f3n se emprendi\u00f3 una revisi\u00f3n profunda para garantizar la seguridad de sus ahorros.<\/p>\n\n\n\n<p>Inform\u00f3 que, en materia financiera, el traslado de valores a BBVA realizado en noviembre de 2024 ha generado resultados positivos y sostenidos. Los reportes m\u00e1s recientes se\u00f1alan que los tres fondos del SIRJUM registran un crecimiento promedio del 7.20% entre el 15 de noviembre de 2024 y el 30 de septiembre de 2025, lo que confirma la recuperaci\u00f3n de minusval\u00edas y una tendencia estable de rendimientos al alza.<\/p>\n\n\n\n<p>En el \u00e1mbito jur\u00eddico, record\u00f3 que el 25 de mayo de 2025 se present\u00f3 una nueva querella ante la Fiscal\u00eda General del Estado de Yucat\u00e1n por hechos presuntamente constitutivos de delito relacionados con la administraci\u00f3n anterior del fideicomiso. Esta denuncia fue ratificada en junio y actualmente se encuentra en etapa de integraci\u00f3n, con solicitudes de informaci\u00f3n y colaboraci\u00f3n de autoridades ministeriales para fortalecer la investigaci\u00f3n.<\/p>\n\n\n\n<p>Paralelamente, la Direcci\u00f3n de Finanzas revisa la cuantificaci\u00f3n de da\u00f1os y estados financieros para sustentar la acci\u00f3n ordinaria mercantil correspondiente.<\/p>\n","protected":false},"excerpt":{"rendered":"<p>M\u00c9RIDA, Yucat\u00e1n.- El Cabildo de M\u00e9rida autoriz\u00f3 por unanimidad celebrar un Convenio Marco de Colaboraci\u00f3n para el Intercambio de Experiencias en Materia Econ\u00f3mica, Tur\u00edstica, Cultural y de Empleo con el<\/p>\n","protected":false},"author":2,"featured_media":135854,"comment_status":"open","ping_status":"open","sticky":false,"template":"","format":"standard","meta":{"jetpack_post_was_ever_published":false,"_jetpack_newsletter_access":"","_jetpack_dont_email_post_to_subs":false,"_jetpack_newsletter_tier_id":0,"_jetpack_memberships_contains_paywalled_content":false,"_jetpack_memberships_contains_paid_content":false,"footnotes":"","jetpack_publicize_message":"","jetpack_publicize_feature_enabled":true,"jetpack_social_post_already_shared":true,"jetpack_social_options":{"image_generator_settings":{"template":"highway","default_image_id":0,"font":"","enabled":false},"version":2}},"categories":[54],"tags":[],"class_list":["post-135853","post","type-post","status-publish","format-standard","has-post-thumbnail","hentry","category-yucatan"],"jetpack_publicize_connections":[],"jetpack_featured_media_url":"https:\/\/formalprision.com\/wp-content\/uploads\/2025\/10\/WhatsApp-Image-2025-10-31-at-5.53.57-PM1.jpeg","jetpack_sharing_enabled":true,"jetpack_shortlink":"https:\/\/wp.me\/p6id8p-zlb","_links":{"self":[{"href":"https:\/\/formalprision.com\/index.php?rest_route=\/wp\/v2\/posts\/135853","targetHints":{"allow":["GET"]}}],"collection":[{"href":"https:\/\/formalprision.com\/index.php?rest_route=\/wp\/v2\/posts"}],"about":[{"href":"https:\/\/formalprision.com\/index.php?rest_route=\/wp\/v2\/types\/post"}],"author":[{"embeddable":true,"href":"https:\/\/formalprision.com\/index.php?rest_route=\/wp\/v2\/users\/2"}],"replies":[{"embeddable":true,"href":"https:\/\/formalprision.com\/index.php?rest_route=%2Fwp%2Fv2%2Fcomments&post=135853"}],"version-history":[{"count":1,"href":"https:\/\/formalprision.com\/index.php?rest_route=\/wp\/v2\/posts\/135853\/revisions"}],"predecessor-version":[{"id":135855,"href":"https:\/\/formalprision.com\/index.php?rest_route=\/wp\/v2\/posts\/135853\/revisions\/135855"}],"wp:featuredmedia":[{"embeddable":true,"href":"https:\/\/formalprision.com\/index.php?rest_route=\/wp\/v2\/media\/135854"}],"wp:attachment":[{"href":"https:\/\/formalprision.com\/index.php?rest_route=%2Fwp%2Fv2%2Fmedia&parent=135853"}],"wp:term":[{"taxonomy":"category","embeddable":true,"href":"https:\/\/formalprision.com\/index.php?rest_route=%2Fwp%2Fv2%2Fcategories&post=135853"},{"taxonomy":"post_tag","embeddable":true,"href":"https:\/\/formalprision.com\/index.php?rest_route=%2Fwp%2Fv2%2Ftags&post=135853"}],"curies":[{"name":"wp","href":"https:\/\/api.w.org\/{rel}","templated":true}]}}