{"id":135872,"date":"2025-11-01T19:06:45","date_gmt":"2025-11-02T00:06:45","guid":{"rendered":"https:\/\/formalprision.com\/?p=135872"},"modified":"2025-11-02T06:49:23","modified_gmt":"2025-11-02T11:49:23","slug":"cecilia-patron-llama-a-preservar-la-identidad-desde-las-comisarias-de-merida-en-el-dia-de-muertos","status":"publish","type":"post","link":"https:\/\/formalprision.com\/?p=135872","title":{"rendered":"Cecilia Patr\u00f3n llama a preservar la identidad desde las comisar\u00edas de M\u00e9rida en el D\u00eda de Muertos"},"content":{"rendered":"\n<p>M\u00c9RIDA, Yucat\u00e1n.- Uno de los pilares para seguir construyendo la paz social en M\u00e9rida es la preservaci\u00f3n de la identidad comunitaria de las comisar\u00edas a trav\u00e9s de las tradiciones de nuestra tierra, extern\u00f3 la presidenta municipal Cecilia Patr\u00f3n Laviada en convivencia con la familia Sulub Balam de San Jos\u00e9 Tzal, en el marco del D\u00eda de Muertos.<\/p>\n\n\n\n<p>\u201cNuestras tradiciones son el legado visible e intangible que nos permite construir todos los d\u00edas una sociedad de paz y con justicia social, y m\u00e1s en estos d\u00edas al compartir nuestro tradicional pib y dem\u00e1s alimentos de esta temporada en la mesa con la familia\u201d, dijo la mun\u00edcipe.<\/p>\n\n\n\n<p>La alcaldesa comparti\u00f3 el tradicional mucbipollo buscando honrar a los fieles difuntos.<\/p>\n\n\n\n<p>Entre el achiote, la masa y el espel\u00f3n Cecilia tambi\u00e9n comparti\u00f3 la uni\u00f3n que se vive en este hogar al sur de la ciudad, recordando que como responsable de velar por el bienestar y progreso de cada familia meridana su labor y entrega deben ir encaminadas de la mano de cada uno de los que habitan en este municipio.<\/p>\n\n\n\n<p>Mi labor es incansable as\u00ed como el amor que le tengo a esta tierra que me vio nacer y a la que amo tanto, por ello mi servicio como su alcaldesa es siempre estar 24\/7 al pie del ca\u00f1\u00f3n\u201d, expres\u00f3 .<\/p>\n\n\n\n<p>Adem\u00e1s, indic\u00f3 que M\u00e9rida y sus comisar\u00edas est\u00e1n en constante crecimiento, donde el progreso debe ir de la mano de la protecci\u00f3n de identidad comunitaria, con la pluralidad que hace \u00fanica a cada comunidad, colonia o barrio y que debe ir alineado a la atenci\u00f3n de sus vocaciones.<\/p>\n\n\n\n<p>\u201cCuenten conmigo siempre que ser\u00e9 garante para ir avanzando sin perder lo que nos hace \u00fanicos, pero dando oportunidades de una mejor vida y servicios municipales a cada comunidad. Porque las y los meridanos me han dado su confianza y estoy dispuesta seguir construyendo este municipio con sus ideas y voces al frente de cada decisi\u00f3n\u201d, afirm\u00f3 la edil.<\/p>\n\n\n\n<p>La alcaldesa tuvo la oportunidad de convivir tambi\u00e9n con la familia Ek Canch\u00e9 en la comisar\u00eda de Petac, quienes la recibieron con abrazos y sonrisas, y do\u00f1a Fina comparti\u00f3 la preparaci\u00f3n de los pibes en la terraza de su casa.<\/p>\n\n\n\n<p>Entre recuerdos y risas, la edil meridana sigui\u00f3 paso a paso la forma de elaborar el pib, desde colocar correctamente el cool del centro hacia afuera, envolver con la hoja de pl\u00e1tano y atar con destreza est\u00e9 platillo ancestral.<\/p>\n\n\n\n<p>En ese sentido la edil llama a las familias meridanas, a no perder estas bellas costumbres tan \u00fanicas y distinguibles, vivirlas en familia o en compa\u00f1\u00eda de los seres queridos, un tiempo de uni\u00f3n comunitaria que invita a compartir la mesa, con identidad propia y justicia social en cada hogar.<\/p>\n","protected":false},"excerpt":{"rendered":"<p>M\u00c9RIDA, Yucat\u00e1n.- Uno de los pilares para seguir construyendo la paz social en M\u00e9rida es la preservaci\u00f3n de la identidad comunitaria de las comisar\u00edas a trav\u00e9s de las tradiciones de<\/p>\n","protected":false},"author":2,"featured_media":135874,"comment_status":"open","ping_status":"open","sticky":false,"template":"","format":"standard","meta":{"jetpack_post_was_ever_published":false,"_jetpack_newsletter_access":"","_jetpack_dont_email_post_to_subs":false,"_jetpack_newsletter_tier_id":0,"_jetpack_memberships_contains_paywalled_content":false,"_jetpack_memberships_contains_paid_content":false,"footnotes":"","jetpack_publicize_message":"","jetpack_publicize_feature_enabled":true,"jetpack_social_post_already_shared":true,"jetpack_social_options":{"image_generator_settings":{"template":"highway","default_image_id":0,"font":"","enabled":false},"version":2}},"categories":[54],"tags":[],"class_list":["post-135872","post","type-post","status-publish","format-standard","has-post-thumbnail","hentry","category-yucatan"],"jetpack_publicize_connections":[],"jetpack_featured_media_url":"https:\/\/formalprision.com\/wp-content\/uploads\/2025\/11\/WhatsApp-Image-2025-11-01-at-5.00.37-PM.jpeg","jetpack_sharing_enabled":true,"jetpack_shortlink":"https:\/\/wp.me\/p6id8p-zlu","_links":{"self":[{"href":"https:\/\/formalprision.com\/index.php?rest_route=\/wp\/v2\/posts\/135872","targetHints":{"allow":["GET"]}}],"collection":[{"href":"https:\/\/formalprision.com\/index.php?rest_route=\/wp\/v2\/posts"}],"about":[{"href":"https:\/\/formalprision.com\/index.php?rest_route=\/wp\/v2\/types\/post"}],"author":[{"embeddable":true,"href":"https:\/\/formalprision.com\/index.php?rest_route=\/wp\/v2\/users\/2"}],"replies":[{"embeddable":true,"href":"https:\/\/formalprision.com\/index.php?rest_route=%2Fwp%2Fv2%2Fcomments&post=135872"}],"version-history":[{"count":1,"href":"https:\/\/formalprision.com\/index.php?rest_route=\/wp\/v2\/posts\/135872\/revisions"}],"predecessor-version":[{"id":135873,"href":"https:\/\/formalprision.com\/index.php?rest_route=\/wp\/v2\/posts\/135872\/revisions\/135873"}],"wp:featuredmedia":[{"embeddable":true,"href":"https:\/\/formalprision.com\/index.php?rest_route=\/wp\/v2\/media\/135874"}],"wp:attachment":[{"href":"https:\/\/formalprision.com\/index.php?rest_route=%2Fwp%2Fv2%2Fmedia&parent=135872"}],"wp:term":[{"taxonomy":"category","embeddable":true,"href":"https:\/\/formalprision.com\/index.php?rest_route=%2Fwp%2Fv2%2Fcategories&post=135872"},{"taxonomy":"post_tag","embeddable":true,"href":"https:\/\/formalprision.com\/index.php?rest_route=%2Fwp%2Fv2%2Ftags&post=135872"}],"curies":[{"name":"wp","href":"https:\/\/api.w.org\/{rel}","templated":true}]}}