{"id":135875,"date":"2025-11-01T19:39:41","date_gmt":"2025-11-02T00:39:41","guid":{"rendered":"https:\/\/formalprision.com\/?p=135875"},"modified":"2025-11-01T19:39:41","modified_gmt":"2025-11-02T00:39:41","slug":"concluye-con-exito-la-asamblea-anual-de-la-red-de-ciudades-creativas-de-la-gastronomia-de-la-unesco","status":"publish","type":"post","link":"https:\/\/formalprision.com\/?p=135875","title":{"rendered":"Concluye con \u00e9xito la Asamblea Anual de la Red de Ciudades Creativas de la Gastronom\u00eda de la UNESCO"},"content":{"rendered":"\n<p>M\u00c9RIDA, Yucat\u00e1n.- La Asamblea Anual de la Red de Ciudades Creativas de la Gastronom\u00eda UNESCO concluy\u00f3 con una jornada que reafirm\u00f3 la conexi\u00f3n entre cultura, comunidad y sostenibilidad.<\/p>\n\n\n\n<p>La jornada inici\u00f3 con la reuni\u00f3n virtual del Subnetwork de Ciudades Creativas de la Gastronom\u00eda, en la que participaron representantes de Tucson, Florian\u00f3polis, Macao e Iloilo, quienes compartieron experiencias y avances en torno a la creatividad culinaria y el desarrollo sostenible.<\/p>\n\n\n\n<p>Flora Zapata Mendiolea, coordinadora general de Justicia Social y Desarrollo Humano, se\u00f1al\u00f3 que este encuentro permiti\u00f3 el intercambio de experiencias y saberes sobre la gastronom\u00eda, pero, sobre todo, reafirm\u00f3 el compromiso de M\u00e9rida de preservar e impulsar su riqueza cultural y gastron\u00f3mica.<\/p>\n\n\n\n<p>\u201cEn M\u00e9rida nuestra gastronom\u00eda es alimento para el alma, inspira y enamora a todas las generaciones. Este evento sin duda nos deja muchas satisfacciones pero sobre todo el compromiso de fortalecer nuestras acciones para preservar e impulsar nuestra riqueza culinaria con verdadera justicia social\u201d, se\u00f1al\u00f3.<\/p>\n\n\n\n<p>Indic\u00f3 que es importante fortalecer la cadena de valor en el proceso gastron\u00f3mico: desde productores locales, cocineras y cocineros hasta restaurantes, promoviendo tambi\u00e9n el comercio justo y la justicia social para todas las personas que integran este proceso.<\/p>\n\n\n\n<p>Durante la sesi\u00f3n se anunci\u00f3 la nueva Ciudad Creativa de la Gastronom\u00eda: Dag Hartman de \u00d6stersund, Suecia y la sede para el pr\u00f3ximo encuentro anual, que tendr\u00e1 lugar en Kuching (Malasia).<\/p>\n\n\n\n<p>Posteriormente, se present\u00f3 el libro \u201cEl pan nuestro de cada d\u00eda\u201d del investigador Giuseppe Biagini, de B\u00e9rgamo, Italia, quien expuso su trabajo y colaboraci\u00f3n con panader\u00edas locales de la ciudad de M\u00e9rida.<\/p>\n\n\n\n<p>La jornada concluy\u00f3 en la Comisar\u00eda de Xcuny\u00e1, donde los participantes fueron recibidos con un ritual tradicional y recorrieron el jard\u00edn bot\u00e1nico local, conociendo el uso de plantas en la herbolaria y la gastronom\u00eda yucateca. Tambi\u00e9n presenciaron el tradicional desentierro del mucbipollo y una exposici\u00f3n de altares, como parte de las celebraciones del Janal Pix\u00e1n.<\/p>\n\n\n\n<p>La ciudad de M\u00e9rida reafirm\u00f3 su compromiso como Ciudad Creativa de la Gastronom\u00eda de la UNESCO, impulsando el di\u00e1logo global sobre la alimentaci\u00f3n como motor de desarrollo sostenible y cohesi\u00f3n social.<\/p>\n","protected":false},"excerpt":{"rendered":"<p>M\u00c9RIDA, Yucat\u00e1n.- La Asamblea Anual de la Red de Ciudades Creativas de la Gastronom\u00eda UNESCO concluy\u00f3 con una jornada que reafirm\u00f3 la conexi\u00f3n entre cultura, comunidad y sostenibilidad. La jornada<\/p>\n","protected":false},"author":2,"featured_media":135877,"comment_status":"open","ping_status":"open","sticky":false,"template":"","format":"standard","meta":{"jetpack_post_was_ever_published":false,"_jetpack_newsletter_access":"","_jetpack_dont_email_post_to_subs":false,"_jetpack_newsletter_tier_id":0,"_jetpack_memberships_contains_paywalled_content":false,"_jetpack_memberships_contains_paid_content":false,"footnotes":"","jetpack_publicize_message":"","jetpack_publicize_feature_enabled":true,"jetpack_social_post_already_shared":true,"jetpack_social_options":{"image_generator_settings":{"template":"highway","default_image_id":0,"font":"","enabled":false},"version":2}},"categories":[14],"tags":[],"class_list":["post-135875","post","type-post","status-publish","format-standard","has-post-thumbnail","hentry","category-merida"],"jetpack_publicize_connections":[],"jetpack_featured_media_url":"https:\/\/formalprision.com\/wp-content\/uploads\/2025\/11\/WhatsApp-Image-2025-11-01-at-5.14.07-PM.jpeg","jetpack_sharing_enabled":true,"jetpack_shortlink":"https:\/\/wp.me\/p6id8p-zlx","_links":{"self":[{"href":"https:\/\/formalprision.com\/index.php?rest_route=\/wp\/v2\/posts\/135875","targetHints":{"allow":["GET"]}}],"collection":[{"href":"https:\/\/formalprision.com\/index.php?rest_route=\/wp\/v2\/posts"}],"about":[{"href":"https:\/\/formalprision.com\/index.php?rest_route=\/wp\/v2\/types\/post"}],"author":[{"embeddable":true,"href":"https:\/\/formalprision.com\/index.php?rest_route=\/wp\/v2\/users\/2"}],"replies":[{"embeddable":true,"href":"https:\/\/formalprision.com\/index.php?rest_route=%2Fwp%2Fv2%2Fcomments&post=135875"}],"version-history":[{"count":1,"href":"https:\/\/formalprision.com\/index.php?rest_route=\/wp\/v2\/posts\/135875\/revisions"}],"predecessor-version":[{"id":135876,"href":"https:\/\/formalprision.com\/index.php?rest_route=\/wp\/v2\/posts\/135875\/revisions\/135876"}],"wp:featuredmedia":[{"embeddable":true,"href":"https:\/\/formalprision.com\/index.php?rest_route=\/wp\/v2\/media\/135877"}],"wp:attachment":[{"href":"https:\/\/formalprision.com\/index.php?rest_route=%2Fwp%2Fv2%2Fmedia&parent=135875"}],"wp:term":[{"taxonomy":"category","embeddable":true,"href":"https:\/\/formalprision.com\/index.php?rest_route=%2Fwp%2Fv2%2Fcategories&post=135875"},{"taxonomy":"post_tag","embeddable":true,"href":"https:\/\/formalprision.com\/index.php?rest_route=%2Fwp%2Fv2%2Ftags&post=135875"}],"curies":[{"name":"wp","href":"https:\/\/api.w.org\/{rel}","templated":true}]}}