{"id":135878,"date":"2025-11-01T23:45:47","date_gmt":"2025-11-02T04:45:47","guid":{"rendered":"https:\/\/formalprision.com\/?p=135878"},"modified":"2025-11-02T22:00:39","modified_gmt":"2025-11-03T03:00:39","slug":"cecilia-patron-posiciona-el-desfile-de-catrinas-2025-como-una-tradicion-multicultural","status":"publish","type":"post","link":"https:\/\/formalprision.com\/?p=135878","title":{"rendered":"Cecilia Patr\u00f3n posiciona el Desfile de Catrinas 2025 como una tradici\u00f3n multicultural"},"content":{"rendered":"\n<p>M\u00c9RIDA, Yucat\u00e1n.- En un Centro Hist\u00f3rico de M\u00e9rida lleno de color, m\u00fasica y tradici\u00f3n, m\u00e1s de 60 mil ciudadanas, ciudadanos y visitantes disfrutaron del Desfile de Catrinas 2025, encabezados por la presidenta municipal Cecilia Patr\u00f3n Laviada.<\/p>\n\n\n\n<p>\u201cM\u00e9rida es una ciudad multicultural donde las diversas formas de celebrar la muerte en el pa\u00eds se abrazan y se ven representadas en esta celebraci\u00f3n que promueve la comunidad y la paz social\u201d, afirm\u00f3 la alcaldesa al dar inicio el evento que forma parte del Festival de las \u00c1nimas.<\/p>\n\n\n\n<p>Desde la Plaza Grande hasta el Parque de La Plancha, m\u00e1s de 500 catrinas y catrines mezclaron el arte y la tradici\u00f3n.<\/p>\n\n\n\n<p>El derrotero se convirti\u00f3 en un espacio para el fortalecimiento del sentido de comunidad y uni\u00f3n de ni\u00f1as, ni\u00f1os, j\u00f3venes, adultos y hasta mascotas en un ambiente festivo que honra la memoria de quienes ya no est\u00e1n con nosotros.<\/p>\n\n\n\n<p>Integr\u00f3 tradiciones de gran valor para las y los meridanos, como el Janal Pix\u00e1n, con la catrina mexicana, en una fusi\u00f3n que simboliza la manera en que M\u00e9rida celebra la vida y la cultura con el coraz\u00f3n abierto para todos.<\/p>\n\n\n\n<p>En esta edici\u00f3n participaron 23 contingentes, entre ellos el colectivo House of Moonsun, la Universidad del Sur y el grupo ciudadano que respondi\u00f3 a la convocatoria abierta en redes sociales.<\/p>\n\n\n\n<p>Adem\u00e1s, destac\u00f3 el contingente pet friendly organizado por Rashid Cort\u00e1zar Dog Trainer y Perrupasteler\u00eda.<\/p>\n\n\n\n<p>El paseo recorri\u00f3 el Corredor Gastron\u00f3mico de la 47 donde existe amplia oferta gastron\u00f3mica, y en el cruzamiento de la calle 52, el p\u00fablico disfrut\u00f3 presentaciones culturales en un escenario instalado para ese fin.<\/p>\n\n\n\n<p>Arturo Le\u00f3n Itz\u00e1, director de Desarrollo Social y Combate a la Pobreza, destac\u00f3 que actividades como esta reflejan el compromiso del Ayuntamiento por construir una M\u00e9rida donde todas las personas tengan las mismas oportunidades de disfrutar, participar y crecer.<\/p>\n\n\n\n<p>\u201cEste desfile no solo celebra nuestras tradiciones, tambi\u00e9n nos recuerda que M\u00e9rida es una ciudad viva, diversa y solidaria, donde cada persona tiene un lugar\u201d, comparti\u00f3.<\/p>\n\n\n\n<p>Adem\u00e1s, subray\u00f3 la importancia de mantener espacios que fomenten la uni\u00f3n y la participaci\u00f3n de la ciudadan\u00eda.<\/p>\n\n\n\n<p>El Desfile de Catrinas se consolida as\u00ed como un referente de identidad, convivencia y participaci\u00f3n ciudadana que distingue a M\u00e9rida como una ciudad que celebra sus tradiciones con orgullo y en comunidad.<\/p>\n\n\n\n<p>Para conocer las \u00faltimas actividades del Festival de las \u00c1nimas, se puede consultar la cartelera completa en merida.gob.mx\/animas.<\/p>\n\n\n\n<p>Para mayores informes sobre los programas sociales, la ciudadan\u00eda puede acudir a las ventanillas de la Direcci\u00f3n de Desarrollo Social y Combate a la Pobreza, ubicadas en C. 65 No. 368 Int. x 40 y 42, Col. Centro, o comunicarse a los tel\u00e9fonos (999) 924 6900 y (999) 924 6962, ext. 81750, de lunes a viernes de 8:00 a.m. a 3:00 p.m.<\/p>\n","protected":false},"excerpt":{"rendered":"<p>M\u00c9RIDA, Yucat\u00e1n.- En un Centro Hist\u00f3rico de M\u00e9rida lleno de color, m\u00fasica y tradici\u00f3n, m\u00e1s de 60 mil ciudadanas, ciudadanos y visitantes disfrutaron del Desfile de Catrinas 2025, encabezados por<\/p>\n","protected":false},"author":2,"featured_media":135880,"comment_status":"open","ping_status":"open","sticky":false,"template":"","format":"standard","meta":{"jetpack_post_was_ever_published":false,"_jetpack_newsletter_access":"","_jetpack_dont_email_post_to_subs":false,"_jetpack_newsletter_tier_id":0,"_jetpack_memberships_contains_paywalled_content":false,"_jetpack_memberships_contains_paid_content":false,"footnotes":"","jetpack_publicize_message":"","jetpack_publicize_feature_enabled":true,"jetpack_social_post_already_shared":true,"jetpack_social_options":{"image_generator_settings":{"template":"highway","default_image_id":0,"font":"","enabled":false},"version":2}},"categories":[14],"tags":[],"class_list":["post-135878","post","type-post","status-publish","format-standard","has-post-thumbnail","hentry","category-merida"],"jetpack_publicize_connections":[],"jetpack_featured_media_url":"https:\/\/formalprision.com\/wp-content\/uploads\/2025\/11\/WhatsApp-Image-2025-11-01-at-10.09.40-PM.jpeg","jetpack_sharing_enabled":true,"jetpack_shortlink":"https:\/\/wp.me\/p6id8p-zlA","_links":{"self":[{"href":"https:\/\/formalprision.com\/index.php?rest_route=\/wp\/v2\/posts\/135878","targetHints":{"allow":["GET"]}}],"collection":[{"href":"https:\/\/formalprision.com\/index.php?rest_route=\/wp\/v2\/posts"}],"about":[{"href":"https:\/\/formalprision.com\/index.php?rest_route=\/wp\/v2\/types\/post"}],"author":[{"embeddable":true,"href":"https:\/\/formalprision.com\/index.php?rest_route=\/wp\/v2\/users\/2"}],"replies":[{"embeddable":true,"href":"https:\/\/formalprision.com\/index.php?rest_route=%2Fwp%2Fv2%2Fcomments&post=135878"}],"version-history":[{"count":1,"href":"https:\/\/formalprision.com\/index.php?rest_route=\/wp\/v2\/posts\/135878\/revisions"}],"predecessor-version":[{"id":135879,"href":"https:\/\/formalprision.com\/index.php?rest_route=\/wp\/v2\/posts\/135878\/revisions\/135879"}],"wp:featuredmedia":[{"embeddable":true,"href":"https:\/\/formalprision.com\/index.php?rest_route=\/wp\/v2\/media\/135880"}],"wp:attachment":[{"href":"https:\/\/formalprision.com\/index.php?rest_route=%2Fwp%2Fv2%2Fmedia&parent=135878"}],"wp:term":[{"taxonomy":"category","embeddable":true,"href":"https:\/\/formalprision.com\/index.php?rest_route=%2Fwp%2Fv2%2Fcategories&post=135878"},{"taxonomy":"post_tag","embeddable":true,"href":"https:\/\/formalprision.com\/index.php?rest_route=%2Fwp%2Fv2%2Ftags&post=135878"}],"curies":[{"name":"wp","href":"https:\/\/api.w.org\/{rel}","templated":true}]}}