{"id":135888,"date":"2025-11-02T12:49:42","date_gmt":"2025-11-02T17:49:42","guid":{"rendered":"https:\/\/formalprision.com\/?p=135888"},"modified":"2025-11-02T16:57:57","modified_gmt":"2025-11-02T21:57:57","slug":"la-tradicion-del-pan-yucateco-conquista-a-la-unesco","status":"publish","type":"post","link":"https:\/\/formalprision.com\/?p=135888","title":{"rendered":"La tradici\u00f3n del pan yucateco conquista a la UNESCO"},"content":{"rendered":"\n<p>M\u00c9RIDA, Yucat\u00e1n.- El pan yucateco, s\u00edmbolo de identidad y tradici\u00f3n, fue protagonista en la Asamblea Anual de la Red de Ciudades Creativas de la Gastronom\u00eda de la UNESCO, celebrada en M\u00e9rida.<\/p>\n\n\n\n<p>Durante el encuentro se present\u00f3 el libro \u201cEl Pan Nuestro de Cada D\u00eda\u201d, un homenaje a las panader\u00edas locales y a quienes conservan las t\u00e9cnicas artesanales que dan sabor a la cultura del estado.<\/p>\n\n\n\n<p>El proyecto, dirigido por Giuseppe Biagini en colaboraci\u00f3n con la Fundaci\u00f3n para el Conocimiento Creativo y el Ayuntamiento de M\u00e9rida, documenta los procesos y saberes de nueve panader\u00edas tradicionales e integra una plataforma digital con informaci\u00f3n sobre productores e ingredientes locales.<\/p>\n\n\n\n<p>\u201cEstas panader\u00edas representan la cultura del pan local y la conexi\u00f3n entre comunidad, territorio y tradici\u00f3n\u201d, explic\u00f3 Biagini.<\/p>\n\n\n\n<p>Durante tres d\u00edas, M\u00e9rida reuni\u00f3 a representantes de 60 ciudades de la Red de Ciudades Creativas de la UNESCO, consolid\u00e1ndose como epicentro gastron\u00f3mico internacional.<\/p>\n\n\n\n<figure class=\"wp-block-image size-full\"><a href=\"http:\/\/formalprision.com\/wp-content\/uploads\/2025\/11\/WhatsApp-Image-2025-11-02-at-9.52.33-AM.jpeg\"><img loading=\"lazy\" decoding=\"async\" width=\"650\" height=\"930\" src=\"http:\/\/formalprision.com\/wp-content\/uploads\/2025\/11\/WhatsApp-Image-2025-11-02-at-9.52.33-AM.jpeg\" alt=\"\" class=\"wp-image-135891\" srcset=\"https:\/\/formalprision.com\/wp-content\/uploads\/2025\/11\/WhatsApp-Image-2025-11-02-at-9.52.33-AM.jpeg 650w, https:\/\/formalprision.com\/wp-content\/uploads\/2025\/11\/WhatsApp-Image-2025-11-02-at-9.52.33-AM-210x300.jpeg 210w\" sizes=\"auto, (max-width: 650px) 100vw, 650px\" \/><\/a><\/figure>\n\n\n\n<p>El director de Turismo, Armando Casares Espinosa, destac\u00f3 que la Asamblea refuerza la proyecci\u00f3n global de M\u00e9rida:<\/p>\n\n\n\n<p>\u201cTenemos gastronom\u00eda, cultura y una sociedad integrada con el gobierno municipal que encabeza la licenciada Cecilia Patr\u00f3n. Trabajamos cada d\u00eda para ser mejores\u201d, se\u00f1al\u00f3.<\/p>\n\n\n\n<p>El evento concluy\u00f3 con una experiencia sensorial en el Jard\u00edn Bot\u00e1nico de Xcuny\u00e1, donde los asistentes participaron en una charla sobre herbolaria y gastronom\u00eda tradicional, reafirmando la conexi\u00f3n entre la naturaleza, el conocimiento y la cocina yucateca.<\/p>\n","protected":false},"excerpt":{"rendered":"<p>M\u00c9RIDA, Yucat\u00e1n.- El pan yucateco, s\u00edmbolo de identidad y tradici\u00f3n, fue protagonista en la Asamblea Anual de la Red de Ciudades Creativas de la Gastronom\u00eda de la UNESCO, celebrada en<\/p>\n","protected":false},"author":2,"featured_media":135890,"comment_status":"open","ping_status":"open","sticky":false,"template":"","format":"standard","meta":{"jetpack_post_was_ever_published":false,"_jetpack_newsletter_access":"","_jetpack_dont_email_post_to_subs":false,"_jetpack_newsletter_tier_id":0,"_jetpack_memberships_contains_paywalled_content":false,"_jetpack_memberships_contains_paid_content":false,"footnotes":"","jetpack_publicize_message":"","jetpack_publicize_feature_enabled":true,"jetpack_social_post_already_shared":true,"jetpack_social_options":{"image_generator_settings":{"template":"highway","default_image_id":0,"font":"","enabled":false},"version":2}},"categories":[54],"tags":[],"class_list":["post-135888","post","type-post","status-publish","format-standard","has-post-thumbnail","hentry","category-yucatan"],"jetpack_publicize_connections":[],"jetpack_featured_media_url":"https:\/\/formalprision.com\/wp-content\/uploads\/2025\/11\/WhatsApp-Image-2025-11-02-at-9.52.32-AM.jpeg","jetpack_sharing_enabled":true,"jetpack_shortlink":"https:\/\/wp.me\/p6id8p-zlK","_links":{"self":[{"href":"https:\/\/formalprision.com\/index.php?rest_route=\/wp\/v2\/posts\/135888","targetHints":{"allow":["GET"]}}],"collection":[{"href":"https:\/\/formalprision.com\/index.php?rest_route=\/wp\/v2\/posts"}],"about":[{"href":"https:\/\/formalprision.com\/index.php?rest_route=\/wp\/v2\/types\/post"}],"author":[{"embeddable":true,"href":"https:\/\/formalprision.com\/index.php?rest_route=\/wp\/v2\/users\/2"}],"replies":[{"embeddable":true,"href":"https:\/\/formalprision.com\/index.php?rest_route=%2Fwp%2Fv2%2Fcomments&post=135888"}],"version-history":[{"count":2,"href":"https:\/\/formalprision.com\/index.php?rest_route=\/wp\/v2\/posts\/135888\/revisions"}],"predecessor-version":[{"id":135892,"href":"https:\/\/formalprision.com\/index.php?rest_route=\/wp\/v2\/posts\/135888\/revisions\/135892"}],"wp:featuredmedia":[{"embeddable":true,"href":"https:\/\/formalprision.com\/index.php?rest_route=\/wp\/v2\/media\/135890"}],"wp:attachment":[{"href":"https:\/\/formalprision.com\/index.php?rest_route=%2Fwp%2Fv2%2Fmedia&parent=135888"}],"wp:term":[{"taxonomy":"category","embeddable":true,"href":"https:\/\/formalprision.com\/index.php?rest_route=%2Fwp%2Fv2%2Fcategories&post=135888"},{"taxonomy":"post_tag","embeddable":true,"href":"https:\/\/formalprision.com\/index.php?rest_route=%2Fwp%2Fv2%2Ftags&post=135888"}],"curies":[{"name":"wp","href":"https:\/\/api.w.org\/{rel}","templated":true}]}}