{"id":135899,"date":"2025-11-02T19:23:49","date_gmt":"2025-11-03T00:23:49","guid":{"rendered":"https:\/\/formalprision.com\/?p=135899"},"modified":"2025-11-04T08:15:27","modified_gmt":"2025-11-04T13:15:27","slug":"concluye-el-festival-de-animas-en-merida-con-mas-de-200-mil-asistentes-y-21-eventos","status":"publish","type":"post","link":"https:\/\/formalprision.com\/?p=135899","title":{"rendered":"Concluye el Festival de \u00c1nimas en M\u00e9rida con m\u00e1s de 200 mil asistentes y 21 eventos"},"content":{"rendered":"\n<p>M\u00c9RIDA, Yucat\u00e1n.- El Festival de las \u00c1nimas 2025 cerr\u00f3 con broche de oro, destacando la riqueza cultural y la unidad de la comunidad en una celebraci\u00f3n que reafirma la importancia de la tradici\u00f3n comunitaria que tenemos en M\u00e9rida, afirm\u00f3 la presidenta municipal Cecilia Patr\u00f3n Laviada.<\/p>\n\n\n\n<p>\u201cCon una asistencia r\u00e9cord de m\u00e1s de 200 mil personas y 21 eventos en diferentes puntos de la ciudad, incluyendo las comisar\u00edas, el festival sigue posicion\u00e1ndose como una de las celebraciones culturales m\u00e1s relevantes, de importancia nacional e internacional, que hace a M\u00e9rida \u00fanica y distinguible ante los ojos del mundo\u201d, asegur\u00f3.<\/p>\n\n\n\n<p>Cecilia mencion\u00f3 que el Janal Pix\u00e1n es un ejemplo de c\u00f3mo la cultura y la tradici\u00f3n pueden ser un factor de unidad y desarrollo para el municipio, donde la convivencia, la innovaci\u00f3n y la apropiaci\u00f3n comunitaria de las tradiciones destacan como parte de la M\u00e9rida cultural, social y tur\u00edstica, que en esta edici\u00f3n tuvo el lema \u00ab\u00a1Haz tuya la celebraci\u00f3n!\u00bb.<\/p>\n\n\n\n<p>Del 25 de octubre al 2 de noviembre se desarrollaron m\u00e1s de 21 actividades culturales, art\u00edsticas, gastron\u00f3micas y recreativas gratuitas, que unieron a visitantes y familias de la ciudad y comisar\u00edas.<\/p>\n\n\n\n<p>Entre los eventos m\u00e1s destacados del festival se encuentran el Paseo de las \u00c1nimas, que reuni\u00f3 a m\u00e1s de 90 mil asistentes, y por primera vez present\u00f3 el Portal del Inframundo, video mapping sobre la cosmovisi\u00f3n maya en La Ermita de Santa Isabel y una Zona M\u00e9rida Joven.<\/p>\n\n\n\n<figure class=\"wp-block-image size-full\"><a href=\"http:\/\/formalprision.com\/wp-content\/uploads\/2025\/11\/WhatsApp-Image-2025-11-02-at-5.25.04-PM.jpeg\"><img loading=\"lazy\" decoding=\"async\" width=\"900\" height=\"928\" src=\"http:\/\/formalprision.com\/wp-content\/uploads\/2025\/11\/WhatsApp-Image-2025-11-02-at-5.25.04-PM.jpeg\" alt=\"\" class=\"wp-image-135902\" srcset=\"https:\/\/formalprision.com\/wp-content\/uploads\/2025\/11\/WhatsApp-Image-2025-11-02-at-5.25.04-PM.jpeg 900w, https:\/\/formalprision.com\/wp-content\/uploads\/2025\/11\/WhatsApp-Image-2025-11-02-at-5.25.04-PM-291x300.jpeg 291w, https:\/\/formalprision.com\/wp-content\/uploads\/2025\/11\/WhatsApp-Image-2025-11-02-at-5.25.04-PM-768x792.jpeg 768w\" sizes=\"auto, (max-width: 900px) 100vw, 900px\" \/><\/a><\/figure>\n\n\n\n<p>Tambi\u00e9n, el Encendido de las \u00c1nimas en el Parque de San Juan, donde \u00e1rboles y figuras monumentales iluminan la noche en un ambiente m\u00e1gico. La Noche Mexicana del D\u00eda de Muertos, en el Remate de Paseo de Montejo, el bazar de emprendedores y una noche especial en el corredor gastron\u00f3mico.<\/p>\n\n\n\n<p>En la Plaza Grande se instal\u00f3 el Altar Monumental, obra de m\u00e1s de 16 metros de largo por cuatro de alto en homenaje a los difuntos y que durante nueve d\u00edas recibi\u00f3 la visita de miles de familias y turistas que se sumaron a esta gran celebraci\u00f3n dejando flores, velas y mensajes.<\/p>\n\n\n\n<p>El Parque de San Sebasti\u00e1n tambi\u00e9n fue sede de la tradicional Feria del Mucbipollo, deleitando al paladar m\u00e1s exigente con este emblem\u00e1tico platillo lleno de gastronom\u00eda, historia y cultura.<\/p>\n\n\n\n<p>Adem\u00e1s, miles de personas disfrutaron de recorridos nocturnos en el Cementerio General, actividad nocturna que permiti\u00f3 conocer mausoleos y tumbas cargadas de memorias.&nbsp;<\/p>\n\n\n\n<p>El Centro Hist\u00f3rico tambi\u00e9n fue escenario importante con la Vaquer\u00eda de las \u00c1nimas y el&nbsp; Desfile de Catrinas que engalan\u00f3 la calle 60 y el Corredor Gastron\u00f3mico de la 47 hasta La Plancha.<\/p>\n\n\n\n<p>El festival tambi\u00e9n lleg\u00f3 a diferentes rincones de la ciudad, como el fraccionamiento Juan Pablo II donde tuvo lugar el Pix\u00e1n Paalal dedicado a la ni\u00f1ez; la Rodada de las \u00c1nimas&nbsp; en la Ermita de Santa Isabel; la biciruta nocturna en Paseo de Montejo; el entra\u00f1able Pix\u00e1n Pee\u2019k en el Fraccionamiento Las Am\u00e9ricas y el parque de La Plancha y la Caminata de las \u00e1nimas en Plaza La Isla; otra rodada en senderos entre la comisar\u00eda de Xcuny\u00e1 y el pueblo fantasma de Misn\u00e9 Balam y la vaquer\u00eda de las \u00e1nimas en San Jos\u00e9 Tzal.<\/p>\n\n\n\n<p><\/p>\n","protected":false},"excerpt":{"rendered":"<p>M\u00c9RIDA, Yucat\u00e1n.- El Festival de las \u00c1nimas 2025 cerr\u00f3 con broche de oro, destacando la riqueza cultural y la unidad de la comunidad en una celebraci\u00f3n que reafirma la importancia<\/p>\n","protected":false},"author":2,"featured_media":135901,"comment_status":"open","ping_status":"open","sticky":false,"template":"","format":"standard","meta":{"jetpack_post_was_ever_published":false,"_jetpack_newsletter_access":"","_jetpack_dont_email_post_to_subs":false,"_jetpack_newsletter_tier_id":0,"_jetpack_memberships_contains_paywalled_content":false,"_jetpack_memberships_contains_paid_content":false,"footnotes":"","jetpack_publicize_message":"","jetpack_publicize_feature_enabled":true,"jetpack_social_post_already_shared":true,"jetpack_social_options":{"image_generator_settings":{"template":"highway","default_image_id":0,"font":"","enabled":false},"version":2}},"categories":[14],"tags":[],"class_list":["post-135899","post","type-post","status-publish","format-standard","has-post-thumbnail","hentry","category-merida"],"jetpack_publicize_connections":[],"jetpack_featured_media_url":"https:\/\/formalprision.com\/wp-content\/uploads\/2025\/11\/WhatsApp-Image-2025-11-02-at-5.25.05-PM.jpeg","jetpack_sharing_enabled":true,"jetpack_shortlink":"https:\/\/wp.me\/p6id8p-zlV","_links":{"self":[{"href":"https:\/\/formalprision.com\/index.php?rest_route=\/wp\/v2\/posts\/135899","targetHints":{"allow":["GET"]}}],"collection":[{"href":"https:\/\/formalprision.com\/index.php?rest_route=\/wp\/v2\/posts"}],"about":[{"href":"https:\/\/formalprision.com\/index.php?rest_route=\/wp\/v2\/types\/post"}],"author":[{"embeddable":true,"href":"https:\/\/formalprision.com\/index.php?rest_route=\/wp\/v2\/users\/2"}],"replies":[{"embeddable":true,"href":"https:\/\/formalprision.com\/index.php?rest_route=%2Fwp%2Fv2%2Fcomments&post=135899"}],"version-history":[{"count":4,"href":"https:\/\/formalprision.com\/index.php?rest_route=\/wp\/v2\/posts\/135899\/revisions"}],"predecessor-version":[{"id":135908,"href":"https:\/\/formalprision.com\/index.php?rest_route=\/wp\/v2\/posts\/135899\/revisions\/135908"}],"wp:featuredmedia":[{"embeddable":true,"href":"https:\/\/formalprision.com\/index.php?rest_route=\/wp\/v2\/media\/135901"}],"wp:attachment":[{"href":"https:\/\/formalprision.com\/index.php?rest_route=%2Fwp%2Fv2%2Fmedia&parent=135899"}],"wp:term":[{"taxonomy":"category","embeddable":true,"href":"https:\/\/formalprision.com\/index.php?rest_route=%2Fwp%2Fv2%2Fcategories&post=135899"},{"taxonomy":"post_tag","embeddable":true,"href":"https:\/\/formalprision.com\/index.php?rest_route=%2Fwp%2Fv2%2Ftags&post=135899"}],"curies":[{"name":"wp","href":"https:\/\/api.w.org\/{rel}","templated":true}]}}