{"id":135904,"date":"2025-11-02T20:55:53","date_gmt":"2025-11-03T01:55:53","guid":{"rendered":"https:\/\/formalprision.com\/?p=135904"},"modified":"2025-11-04T08:15:12","modified_gmt":"2025-11-04T13:15:12","slug":"se-quema-un-waldos-en-el-centro-de-hermosillo-23-muertos","status":"publish","type":"post","link":"https:\/\/formalprision.com\/?p=135904","title":{"rendered":"Se quema un Waldos en el centro de Hermosillo: 23 muertos"},"content":{"rendered":"\n<p>La Cruz Roja mexicana confirm\u00f3 que el n\u00famero de muertos por el incendio en una tienda Waldo\u2019s ubicada en el centro de Hermosillo, Sonora, ascendi\u00f3 a 23 personas, mientras que el n\u00famero de lesionados sigue cont\u00e1ndose en decenas.<\/p>\n\n\n\n<p>\u201cS\u00ed, tenemos ese n\u00famero, 23 decesos, hasta el momento: 12 femeninas; cinco masculinos; cuatro ni\u00f1as y dos ni\u00f1os\u201d, asegur\u00f3, Carlos Freaner Figueroa, presidente nacional de la Cruz Roja Mexicana.<\/p>\n\n\n\n<p>El siniestro ocurri\u00f3 alrededor de las 15:00 h local en el establecimiento situado sobre la avenida Dr. Alberto G. Noriega, entre las calles Benito Ju\u00e1rez y Mariano Matamoros, cuando el comercio se encontraba lleno de clientes debido a la quincena y a las compras previas al D\u00eda de Muertos.<\/p>\n\n\n\n<p>De forma preliminar, se reportaron tambi\u00e9n al menos 12 personas lesionadas, de las cuales siete fueron trasladadas al Hospital del ISSSTE, una a la Cl\u00ednica 14 del IMSS, dos a la Cl\u00ednica del Noroeste y dos m\u00e1s al Hospital de Especialidades del Estado.<\/p>\n\n\n\n<p>El fiscal general de Justicia del Estado, Gustavo Salas Ch\u00e1vez, a cargo de la investigaci\u00f3n, dijo que la mayor\u00eda de las v\u00edctimas mortales perdieron la vida a consecuencia de inhalaci\u00f3n de gases t\u00f3xicos.<\/p>\n\n\n\n<p>\u201cHasta el momento no existe ning\u00fan indicio que apunte a que el incendio haya sido generado de manera intencional\u201d, inform\u00f3.<\/p>\n","protected":false},"excerpt":{"rendered":"<p>La Cruz Roja mexicana confirm\u00f3 que el n\u00famero de muertos por el incendio en una tienda Waldo\u2019s ubicada en el centro de Hermosillo, Sonora, ascendi\u00f3 a 23 personas, mientras que<\/p>\n","protected":false},"author":2,"featured_media":135906,"comment_status":"open","ping_status":"open","sticky":false,"template":"","format":"standard","meta":{"jetpack_post_was_ever_published":false,"_jetpack_newsletter_access":"","_jetpack_dont_email_post_to_subs":false,"_jetpack_newsletter_tier_id":0,"_jetpack_memberships_contains_paywalled_content":false,"_jetpack_memberships_contains_paid_content":false,"footnotes":"","jetpack_publicize_message":"","jetpack_publicize_feature_enabled":true,"jetpack_social_post_already_shared":true,"jetpack_social_options":{"image_generator_settings":{"template":"highway","default_image_id":0,"font":"","enabled":false},"version":2}},"categories":[23],"tags":[],"class_list":["post-135904","post","type-post","status-publish","format-standard","has-post-thumbnail","hentry","category-del-mundo"],"jetpack_publicize_connections":[],"jetpack_featured_media_url":"https:\/\/formalprision.com\/wp-content\/uploads\/2025\/11\/wal.jpg","jetpack_sharing_enabled":true,"jetpack_shortlink":"https:\/\/wp.me\/p6id8p-zm0","_links":{"self":[{"href":"https:\/\/formalprision.com\/index.php?rest_route=\/wp\/v2\/posts\/135904","targetHints":{"allow":["GET"]}}],"collection":[{"href":"https:\/\/formalprision.com\/index.php?rest_route=\/wp\/v2\/posts"}],"about":[{"href":"https:\/\/formalprision.com\/index.php?rest_route=\/wp\/v2\/types\/post"}],"author":[{"embeddable":true,"href":"https:\/\/formalprision.com\/index.php?rest_route=\/wp\/v2\/users\/2"}],"replies":[{"embeddable":true,"href":"https:\/\/formalprision.com\/index.php?rest_route=%2Fwp%2Fv2%2Fcomments&post=135904"}],"version-history":[{"count":1,"href":"https:\/\/formalprision.com\/index.php?rest_route=\/wp\/v2\/posts\/135904\/revisions"}],"predecessor-version":[{"id":135905,"href":"https:\/\/formalprision.com\/index.php?rest_route=\/wp\/v2\/posts\/135904\/revisions\/135905"}],"wp:featuredmedia":[{"embeddable":true,"href":"https:\/\/formalprision.com\/index.php?rest_route=\/wp\/v2\/media\/135906"}],"wp:attachment":[{"href":"https:\/\/formalprision.com\/index.php?rest_route=%2Fwp%2Fv2%2Fmedia&parent=135904"}],"wp:term":[{"taxonomy":"category","embeddable":true,"href":"https:\/\/formalprision.com\/index.php?rest_route=%2Fwp%2Fv2%2Fcategories&post=135904"},{"taxonomy":"post_tag","embeddable":true,"href":"https:\/\/formalprision.com\/index.php?rest_route=%2Fwp%2Fv2%2Ftags&post=135904"}],"curies":[{"name":"wp","href":"https:\/\/api.w.org\/{rel}","templated":true}]}}