{"id":135952,"date":"2025-11-04T22:41:11","date_gmt":"2025-11-05T03:41:11","guid":{"rendered":"https:\/\/formalprision.com\/?p=135952"},"modified":"2025-11-04T22:42:50","modified_gmt":"2025-11-05T03:42:50","slug":"aseguran-en-la-salvador-alvarado-sur-un-mazda-que-dejo-graves-a-dos-motociclistas","status":"publish","type":"post","link":"https:\/\/formalprision.com\/?p=135952","title":{"rendered":"Aseguran en la Salvador Alvarado Sur un Mazda que dej\u00f3 graves a dos motociclistas"},"content":{"rendered":"\n<p>M\u00c9RIDA, Yucat\u00e1n.- Tras un operativo en la colonia Salvador Alvarado Sur, la polic\u00eda asegur\u00f3 un autom\u00f3vil Mazda rojo involucrado en un accidente, el pasado s\u00e1bado por la noche, que dej\u00f3 como saldo a dos j\u00f3venes lesionados, uno de ellos en condici\u00f3n cr\u00edtica, internado con diagn\u00f3stico de posible muerte cerebral y bajo sedaci\u00f3n inducida.<\/p>\n\n\n\n<p>De acuerdo con los primeros reportes, el veh\u00edculo, que presuntamente era conducido por Gladys \u201cN\u201d, quien huy\u00f3 del lugar y escondi\u00f3 el veh\u00edculo en un domicilio particular.<\/p>\n\n\n\n<figure class=\"wp-block-image size-full\"><a href=\"http:\/\/formalprision.com\/wp-content\/uploads\/2025\/11\/WhatsApp-Image-2025-11-04-at-9.36.33-PM.jpeg\"><img loading=\"lazy\" decoding=\"async\" width=\"900\" height=\"547\" src=\"http:\/\/formalprision.com\/wp-content\/uploads\/2025\/11\/WhatsApp-Image-2025-11-04-at-9.36.33-PM.jpeg\" alt=\"\" class=\"wp-image-135955\" srcset=\"https:\/\/formalprision.com\/wp-content\/uploads\/2025\/11\/WhatsApp-Image-2025-11-04-at-9.36.33-PM.jpeg 900w, https:\/\/formalprision.com\/wp-content\/uploads\/2025\/11\/WhatsApp-Image-2025-11-04-at-9.36.33-PM-300x182.jpeg 300w, https:\/\/formalprision.com\/wp-content\/uploads\/2025\/11\/WhatsApp-Image-2025-11-04-at-9.36.33-PM-768x467.jpeg 768w\" sizes=\"auto, (max-width: 900px) 100vw, 900px\" \/><\/a><\/figure>\n\n\n\n<p>La identidad de los lesionados no ha sido revelada oficialmente.<\/p>\n\n\n\n<p>En el sitio del choque se localiz\u00f3 una placa del Mazda, la cual qued\u00f3 incrustada en la motocicleta de las v\u00edctimas, lo que permiti\u00f3 a las autoridades identificar a la presunta responsable.<\/p>\n\n\n\n<p>Tanto el autom\u00f3vil como la casa donde fue localizado fueron asegurados, como parte de una carpeta de investigaci\u00f3n abierta.<\/p>\n\n\n\n<p>Hasta el momento, Gladys \u201cN\u201d contin\u00faa pr\u00f3fuga, y no se ha presentado ante las autoridades para responder por los hechos. En redes sociales circulan fotograf\u00edas del joven en estado cr\u00edtico, donde se le exhorta a responder por su responsabilidad.<\/p>\n","protected":false},"excerpt":{"rendered":"<p>M\u00c9RIDA, Yucat\u00e1n.- Tras un operativo en la colonia Salvador Alvarado Sur, la polic\u00eda asegur\u00f3 un autom\u00f3vil Mazda rojo involucrado en un accidente, el pasado s\u00e1bado por la noche, que dej\u00f3<\/p>\n","protected":false},"author":2,"featured_media":135954,"comment_status":"open","ping_status":"open","sticky":false,"template":"","format":"standard","meta":{"jetpack_post_was_ever_published":false,"_jetpack_newsletter_access":"","_jetpack_dont_email_post_to_subs":false,"_jetpack_newsletter_tier_id":0,"_jetpack_memberships_contains_paywalled_content":false,"_jetpack_memberships_contains_paid_content":false,"footnotes":"","jetpack_publicize_message":"","jetpack_publicize_feature_enabled":true,"jetpack_social_post_already_shared":true,"jetpack_social_options":{"image_generator_settings":{"template":"highway","default_image_id":0,"font":"","enabled":false},"version":2}},"categories":[54],"tags":[],"class_list":["post-135952","post","type-post","status-publish","format-standard","has-post-thumbnail","hentry","category-yucatan"],"jetpack_publicize_connections":[],"jetpack_featured_media_url":"https:\/\/formalprision.com\/wp-content\/uploads\/2025\/11\/WhatsApp-Image-2025-11-04-at-7.31.58-PM.jpeg","jetpack_sharing_enabled":true,"jetpack_shortlink":"https:\/\/wp.me\/p6id8p-zmM","_links":{"self":[{"href":"https:\/\/formalprision.com\/index.php?rest_route=\/wp\/v2\/posts\/135952","targetHints":{"allow":["GET"]}}],"collection":[{"href":"https:\/\/formalprision.com\/index.php?rest_route=\/wp\/v2\/posts"}],"about":[{"href":"https:\/\/formalprision.com\/index.php?rest_route=\/wp\/v2\/types\/post"}],"author":[{"embeddable":true,"href":"https:\/\/formalprision.com\/index.php?rest_route=\/wp\/v2\/users\/2"}],"replies":[{"embeddable":true,"href":"https:\/\/formalprision.com\/index.php?rest_route=%2Fwp%2Fv2%2Fcomments&post=135952"}],"version-history":[{"count":2,"href":"https:\/\/formalprision.com\/index.php?rest_route=\/wp\/v2\/posts\/135952\/revisions"}],"predecessor-version":[{"id":135956,"href":"https:\/\/formalprision.com\/index.php?rest_route=\/wp\/v2\/posts\/135952\/revisions\/135956"}],"wp:featuredmedia":[{"embeddable":true,"href":"https:\/\/formalprision.com\/index.php?rest_route=\/wp\/v2\/media\/135954"}],"wp:attachment":[{"href":"https:\/\/formalprision.com\/index.php?rest_route=%2Fwp%2Fv2%2Fmedia&parent=135952"}],"wp:term":[{"taxonomy":"category","embeddable":true,"href":"https:\/\/formalprision.com\/index.php?rest_route=%2Fwp%2Fv2%2Fcategories&post=135952"},{"taxonomy":"post_tag","embeddable":true,"href":"https:\/\/formalprision.com\/index.php?rest_route=%2Fwp%2Fv2%2Ftags&post=135952"}],"curies":[{"name":"wp","href":"https:\/\/api.w.org\/{rel}","templated":true}]}}