{"id":135967,"date":"2025-11-05T19:20:50","date_gmt":"2025-11-06T00:20:50","guid":{"rendered":"https:\/\/formalprision.com\/?p=135967"},"modified":"2025-11-05T19:20:50","modified_gmt":"2025-11-06T00:20:50","slug":"merida-ejemplo-de-preservacion-de-ecosistemas-e-identidad-cultural-cecilia-patron-en-foro-de-la-unesco","status":"publish","type":"post","link":"https:\/\/formalprision.com\/?p=135967","title":{"rendered":"M\u00e9rida, ejemplo de preservaci\u00f3n de ecosistemas e identidad cultural: Cecilia Patr\u00f3n en foro de la UNESCO"},"content":{"rendered":"\n<p>LA PAZ, Baja California.- En M\u00e9rida trabajamos todos los d\u00edas, 24\/7 y de forma cercana a la gente para que sea un espacio propicio en donde el aprendizaje se convierta en una oportunidad de prosperidad y crecimiento para todas y todos los meridanos, afirm\u00f3 la presidenta municipal Cecilia Patr\u00f3n Laviada durante su intervenci\u00f3n en el del Foro de Ciudades del Aprendizaje Latinoam\u00e9rica de la UNESCO.<\/p>\n\n\n\n<p>\u201cImpulsamos una estrategia integral para preservar la cultura y el medio ambiente con orden y justicia social. En cada programa las personas valoran, aprenden y cuidan\u201d, dijo en su ponencia en la tercera sesi\u00f3n plenaria de la jornada inaugural del foro.<\/p>\n\n\n\n<p>Bajo el lema \u201cEl aprendizaje basado en el lugar\u201d, este foro re\u00fane durante dos d\u00edas a alcaldes, representantes y especialistas de m\u00e1s de 60 ciudades de la regi\u00f3n, para hablar sobre las acciones y desaf\u00edos para el aprendizaje a lo largo de la vida.<\/p>\n\n\n\n<p>Cecilia Patr\u00f3n intervino durante la sesi\u00f3n denominada \u201cDesaf\u00edos del avance tecnol\u00f3gico: Preservar ecosistemas y la identidad cultural de las ciudades\u201d.<\/p>\n\n\n\n<p>Hizo referencia programas municipales como la Cruzada Forestal, con m\u00e1s de 15 mil \u00e1rboles plantados; \u00c1rboles Patrimonio, que ya declar\u00f3 m\u00e1s de 100 ejemplares; la implementaci\u00f3n de la tecnolog\u00eda Air Pot, para el crecimiento efectivo de los \u00e1rboles por la oxigenaci\u00f3n en las ra\u00edces, y Una familia un \u00e1rbol, con m\u00e1s de 44 mil ejemplares entregados.<\/p>\n\n\n\n<p>\u201cCon estas acciones la gente aprende sobre la importancia del arbolado para conservar el medio ambiente, preservar la fauna y a los polinizadores, ser guardianes de su patrimonio y conservar la identidad de la comunidad, y puede hacerlo tambi\u00e9n desde su dispositivo m\u00f3vil mediante la aplicaci\u00f3n \u00e1rbolMID\u201d, declar\u00f3.<\/p>\n\n\n\n<p>Asimismo dio a conocer estrategias que involucran a las y los ciudadanos en la gobernanza como Dise\u00f1a tu ciudad, que permite elegir la rehabilitaci\u00f3n de parques y \u00e1reas deportivas; la capacitaci\u00f3n que se ofrece en C\u00edrculo 47 de las comisar\u00edas, Reserva Cuxtal, Hacienda Dzoyaxch\u00e9 y el Vivero Comunitario de la colonia Plan de Ayala Sur, para que sean actores del desarrollo sostenible de la ciudad.<\/p>\n\n\n\n<p>Tambi\u00e9n destac\u00f3 el \u00e9xito de los programas M\u00e9rida Iluminada, que consiste en el cambio de luminarias a tipo LED en toda la ciudad pues consumen menos energ\u00eda e iluminan m\u00e1s; la implementaci\u00f3n de la Polic\u00eda Ecol\u00f3gica, los Puntos M\u00e9rida Limpia para residuos especiales, los Mega Operativos de limpieza, y el calendario de Educaci\u00f3n Ambiental.<\/p>\n\n\n\n<p>\u201cComo alcaldesa y aliada de la gente, creo profundamente que la educaci\u00f3n no se limita a las aulas, ni a una etapa de la vida, sino que se construye d\u00eda a d\u00eda, en los espacios comunitarios que generamos, en los oficios que impulsamos, en la cultura que acercamos a la gente en todos los rincones de la ciudad, en la tecnolog\u00eda con la que avanzamos como una ciudad moderna, y en la convivencia ciudadana que fortalece nuestra sociedad\u201d, indic\u00f3 la edil.<\/p>\n\n\n\n<p>Record\u00f3 que el Ayuntamiento de M\u00e9rida instal\u00f3 el Comit\u00e9 de M\u00e9rida Ciudad del Aprendizaje de la UNESCO como un paso firme para consolidarse como un espacio donde el aprendizaje es accesible para todas las personas.<\/p>\n\n\n\n<p>En este sentido se refiri\u00f3 al Festival del Aprendizaje con m\u00e1s de 60 actividades sin costo, como clases de jarana y f\u00fatbol, entre otras disciplinas dirigidas a las familias, para que obtengan nuevos conocimientos que les permitan desarrollarse en plenitud; los 60 Centros Aprende que impulsan el talento, sin importar edad, condici\u00f3n o lugar de origen, mediante talleres, programas culturales, actividades deportivas y espacios de participaci\u00f3n con los que tambi\u00e9n construimos ciudadan\u00eda y fortalecemos el tejido social.<\/p>\n\n\n\n<p>\u201cTambi\u00e9n acercamos la cultura a toda la ciudad con grandes eventos como La Noche Blanca, el Festival de Jazz, Festival de \u00c1nimas, M\u00e9rida Fest, y el Carnaval de M\u00e9rida. Porque en M\u00e9rida no hay cultura sin su gente\u201d, a\u00f1adi\u00f3.<\/p>\n\n\n\n<p>Finalmente, dijo que apuesta a la juventud como motor del cambio, a sus ideas y proyectos, con la plena confianza de que ser\u00e1n detonantes de una econom\u00eda boyante, circular y sostenible.<\/p>\n\n\n\n<p>Posteriormente, Cecilia Patr\u00f3n firm\u00f3 un convenio de colaboraci\u00f3n con el municipio de La Paz, Baja California Sur, que encabeza Milena Paola Quiroga Romero, para compartir experiencias en materia econ\u00f3mica, tur\u00edstica, cultura y empleo.<\/p>\n\n\n\n<p>De esta manera, M\u00e9rida da un paso m\u00e1s para fortalecer su desarrollo y seguir construyendo alianzas que generen prosperidad para la gente.<\/p>\n","protected":false},"excerpt":{"rendered":"<p>LA PAZ, Baja California.- En M\u00e9rida trabajamos todos los d\u00edas, 24\/7 y de forma cercana a la gente para que sea un espacio propicio en donde el aprendizaje se convierta<\/p>\n","protected":false},"author":2,"featured_media":135969,"comment_status":"open","ping_status":"open","sticky":false,"template":"","format":"standard","meta":{"jetpack_post_was_ever_published":false,"_jetpack_newsletter_access":"","_jetpack_dont_email_post_to_subs":false,"_jetpack_newsletter_tier_id":0,"_jetpack_memberships_contains_paywalled_content":false,"_jetpack_memberships_contains_paid_content":false,"footnotes":"","jetpack_publicize_message":"","jetpack_publicize_feature_enabled":true,"jetpack_social_post_already_shared":true,"jetpack_social_options":{"image_generator_settings":{"template":"highway","default_image_id":0,"font":"","enabled":false},"version":2}},"categories":[14],"tags":[],"class_list":["post-135967","post","type-post","status-publish","format-standard","has-post-thumbnail","hentry","category-merida"],"jetpack_publicize_connections":[],"jetpack_featured_media_url":"https:\/\/formalprision.com\/wp-content\/uploads\/2025\/11\/WhatsApp-Image-2025-11-05-at-5.44.15-PM.jpeg","jetpack_sharing_enabled":true,"jetpack_shortlink":"https:\/\/wp.me\/p6id8p-zn1","_links":{"self":[{"href":"https:\/\/formalprision.com\/index.php?rest_route=\/wp\/v2\/posts\/135967","targetHints":{"allow":["GET"]}}],"collection":[{"href":"https:\/\/formalprision.com\/index.php?rest_route=\/wp\/v2\/posts"}],"about":[{"href":"https:\/\/formalprision.com\/index.php?rest_route=\/wp\/v2\/types\/post"}],"author":[{"embeddable":true,"href":"https:\/\/formalprision.com\/index.php?rest_route=\/wp\/v2\/users\/2"}],"replies":[{"embeddable":true,"href":"https:\/\/formalprision.com\/index.php?rest_route=%2Fwp%2Fv2%2Fcomments&post=135967"}],"version-history":[{"count":1,"href":"https:\/\/formalprision.com\/index.php?rest_route=\/wp\/v2\/posts\/135967\/revisions"}],"predecessor-version":[{"id":135968,"href":"https:\/\/formalprision.com\/index.php?rest_route=\/wp\/v2\/posts\/135967\/revisions\/135968"}],"wp:featuredmedia":[{"embeddable":true,"href":"https:\/\/formalprision.com\/index.php?rest_route=\/wp\/v2\/media\/135969"}],"wp:attachment":[{"href":"https:\/\/formalprision.com\/index.php?rest_route=%2Fwp%2Fv2%2Fmedia&parent=135967"}],"wp:term":[{"taxonomy":"category","embeddable":true,"href":"https:\/\/formalprision.com\/index.php?rest_route=%2Fwp%2Fv2%2Fcategories&post=135967"},{"taxonomy":"post_tag","embeddable":true,"href":"https:\/\/formalprision.com\/index.php?rest_route=%2Fwp%2Fv2%2Ftags&post=135967"}],"curies":[{"name":"wp","href":"https:\/\/api.w.org\/{rel}","templated":true}]}}