{"id":135970,"date":"2025-11-05T20:13:36","date_gmt":"2025-11-06T01:13:36","guid":{"rendered":"https:\/\/formalprision.com\/?p=135970"},"modified":"2025-11-06T07:03:37","modified_gmt":"2025-11-06T12:03:37","slug":"merida-reafirma-su-espiritu-solidario-con-una-familia-que-perdio-todo-por-un-incendio-en-xcanatun","status":"publish","type":"post","link":"https:\/\/formalprision.com\/?p=135970","title":{"rendered":"M\u00e9rida reafirma su esp\u00edritu solidario con una familia que perdi\u00f3 todo por un incendio en Xcanat\u00fan"},"content":{"rendered":"\n<p>M\u00c9RIDA, Yucat\u00e1n.- Fiel a los valores de empat\u00eda y cercan\u00eda que promueve la administraci\u00f3n que encabeza la alcaldesa Cecilia Patr\u00f3n Laviada, el Ayuntamiento de M\u00e9rida, a trav\u00e9s de la red ciudadana M\u00e9rida Nos Une, brind\u00f3 apoyo a la se\u00f1ora Regina del Carmen Pech Molina y a su familia, quienes recientemente perdieron su vivienda y pertenencias a causa de un incendio ocurrido en la comisar\u00eda de Xcanat\u00fan.<\/p>\n\n\n\n<p>El programa M\u00e9rida Nos Une, de la Secretar\u00eda de Participaci\u00f3n y Atenci\u00f3n Ciudadana, logr\u00f3 sumar los esfuerzos del DIF Municipal, organizaciones y empresas socialmente responsables, con el objetivo de unir voluntades y acompa\u00f1ar a la familia en su proceso de recuperaci\u00f3n.<\/p>\n\n\n\n<p>El secretario de Participaci\u00f3n y Atenci\u00f3n Ciudadana, Carlos Carrillo Paredes; el director del DIF Municipal, Gerardo L\u00f3pez Fern\u00e1ndez; y la subdirectora de Participaci\u00f3n Ciudadana, Dafne L\u00f3pez Osorio, acudieron al lugar para entregar una silla de ruedas, un tinaco, alimentos no perecederos, apoyo econ\u00f3mico, ropa, blancos y diversos art\u00edculos esenciales, adem\u00e1s de un refrigerador donado por la empresa Bomssa.<\/p>\n\n\n\n<p>Asimismo la empresa Berel colabor\u00f3 con la donaci\u00f3n de pintura para la rehabilitaci\u00f3n del hogar, demostrando que cuando sociedad, iniciativa privada y gobierno trabajan en conjunto, los resultados se multiplican y transforman vidas. Tambi\u00e9n realizaron donaciones la Asociaci\u00f3n Civil MAQUETA , Fundaci\u00f3n ADO, y la CMIC Yucat\u00e1n.<\/p>\n\n\n\n<p>\u201cEn M\u00e9rida sabemos que la empat\u00eda y la uni\u00f3n nos hacen m\u00e1s fuertes. As\u00ed como recientemente nos unimos para apoyar a las familias venezolanas con centros de acopio y donativos, hoy tambi\u00e9n acompa\u00f1amos a nuestras vecinas y vecinos cuando m\u00e1s lo necesitan\u201d, expres\u00f3 Carlos Carrillo.<\/p>\n\n\n\n<p>Por su parte, Gerardo L\u00f3pez destac\u00f3 que estas acciones reafirman que M\u00e9rida es una ciudad con coraz\u00f3n, donde cada gesto de ayuda, sin importar su tama\u00f1o, contribuye a construir una comunidad m\u00e1s unida, emp\u00e1tica y solidaria. Adem\u00e1s, se comprometi\u00f3 a brindar asesor\u00eda y acompa\u00f1amiento jur\u00eddico a la se\u00f1ora Regina Pech, quien enfrenta una situaci\u00f3n legal relacionada con su vivienda.<\/p>\n\n\n\n<p>M\u00e9rida Nos Une, es el reflejo de la solidaridad convertida en una fuerza que transforma vidas y fortalece a toda la comunidad; y constantemente invita a m\u00e1s ciudadanos a formar parte de esta red de ayuda que siempre logra grandes beneficios para personas que se encuentran en una situaci\u00f3n vulnerable.<\/p>\n\n\n\n<p>El Ayuntamiento de M\u00e9rida mantiene un compromiso permanente de actuar con sensibilidad, prontitud y solidaridad ante situaciones de emergencia, fortaleciendo los lazos que hacen de M\u00e9rida una ciudad con valores y con un gran coraz\u00f3n.<\/p>\n","protected":false},"excerpt":{"rendered":"<p>M\u00c9RIDA, Yucat\u00e1n.- Fiel a los valores de empat\u00eda y cercan\u00eda que promueve la administraci\u00f3n que encabeza la alcaldesa Cecilia Patr\u00f3n Laviada, el Ayuntamiento de M\u00e9rida, a trav\u00e9s de la red<\/p>\n","protected":false},"author":2,"featured_media":135973,"comment_status":"open","ping_status":"open","sticky":false,"template":"","format":"standard","meta":{"jetpack_post_was_ever_published":false,"_jetpack_newsletter_access":"","_jetpack_dont_email_post_to_subs":false,"_jetpack_newsletter_tier_id":0,"_jetpack_memberships_contains_paywalled_content":false,"_jetpack_memberships_contains_paid_content":false,"footnotes":"","jetpack_publicize_message":"","jetpack_publicize_feature_enabled":true,"jetpack_social_post_already_shared":true,"jetpack_social_options":{"image_generator_settings":{"template":"highway","default_image_id":0,"font":"","enabled":false},"version":2}},"categories":[54],"tags":[],"class_list":["post-135970","post","type-post","status-publish","format-standard","has-post-thumbnail","hentry","category-yucatan"],"jetpack_publicize_connections":[],"jetpack_featured_media_url":"https:\/\/formalprision.com\/wp-content\/uploads\/2025\/11\/WhatsApp-Image-2025-11-05-at-6.37.34-PM.jpeg","jetpack_sharing_enabled":true,"jetpack_shortlink":"https:\/\/wp.me\/p6id8p-zn4","_links":{"self":[{"href":"https:\/\/formalprision.com\/index.php?rest_route=\/wp\/v2\/posts\/135970","targetHints":{"allow":["GET"]}}],"collection":[{"href":"https:\/\/formalprision.com\/index.php?rest_route=\/wp\/v2\/posts"}],"about":[{"href":"https:\/\/formalprision.com\/index.php?rest_route=\/wp\/v2\/types\/post"}],"author":[{"embeddable":true,"href":"https:\/\/formalprision.com\/index.php?rest_route=\/wp\/v2\/users\/2"}],"replies":[{"embeddable":true,"href":"https:\/\/formalprision.com\/index.php?rest_route=%2Fwp%2Fv2%2Fcomments&post=135970"}],"version-history":[{"count":1,"href":"https:\/\/formalprision.com\/index.php?rest_route=\/wp\/v2\/posts\/135970\/revisions"}],"predecessor-version":[{"id":135971,"href":"https:\/\/formalprision.com\/index.php?rest_route=\/wp\/v2\/posts\/135970\/revisions\/135971"}],"wp:featuredmedia":[{"embeddable":true,"href":"https:\/\/formalprision.com\/index.php?rest_route=\/wp\/v2\/media\/135973"}],"wp:attachment":[{"href":"https:\/\/formalprision.com\/index.php?rest_route=%2Fwp%2Fv2%2Fmedia&parent=135970"}],"wp:term":[{"taxonomy":"category","embeddable":true,"href":"https:\/\/formalprision.com\/index.php?rest_route=%2Fwp%2Fv2%2Fcategories&post=135970"},{"taxonomy":"post_tag","embeddable":true,"href":"https:\/\/formalprision.com\/index.php?rest_route=%2Fwp%2Fv2%2Ftags&post=135970"}],"curies":[{"name":"wp","href":"https:\/\/api.w.org\/{rel}","templated":true}]}}