{"id":135974,"date":"2025-11-05T20:32:26","date_gmt":"2025-11-06T01:32:26","guid":{"rendered":"https:\/\/formalprision.com\/?p=135974"},"modified":"2025-11-06T07:03:24","modified_gmt":"2025-11-06T12:03:24","slug":"juventud-meridana-impulsa-la-participacion-ciudadana-en-la-segunda-sesion-del-cabildo-juvenil-2025","status":"publish","type":"post","link":"https:\/\/formalprision.com\/?p=135974","title":{"rendered":"Juventud meridana impulsa la participaci\u00f3n ciudadana en la Segunda Sesi\u00f3n del Cabildo Juvenil 2025"},"content":{"rendered":"\n<p>M\u00c9RIDA, Yucat\u00e1n.- El Ayuntamiento de M\u00e9rida, a trav\u00e9s del DIF Municipal, realiz\u00f3 la Segunda Sesi\u00f3n del Cabildo Juvenil 2025, integrado por 19 adolescentes de 11 escuelas de M\u00e9rida y sus comisar\u00edas, cuyas voces y propuestas enriquecen el trabajo diario de la comuna meridana.<\/p>\n\n\n\n<p>Durante la bienvenida, Gerardo Jes\u00fas L\u00f3pez Fern\u00e1ndez, director del DIF Municipal, destac\u00f3 la importancia de la participaci\u00f3n de las juventudes en la toma de decisiones y su compromiso con la ciudad.<\/p>\n\n\n\n<p>Se\u00f1al\u00f3 que este ejercicio democr\u00e1tico representa lo que se busca para M\u00e9rida: una ciudadan\u00eda activa que colabore para mejorar su entorno. \u201cLa visi\u00f3n que compartimos es mejor en la medida en que podamos hacer la vida de la gente m\u00e1s f\u00e1cil y m\u00e1s feliz para lograr un buen camino\u201d, afirm\u00f3, reiterando el apoyo del DIF para que las iniciativas juveniles lleguen a buen puerto.<\/p>\n\n\n\n<p>La sesi\u00f3n tuvo como punto principal la participaci\u00f3n de las y los regidores juveniles en los Mega Operativos que coordina la Secretar\u00eda T\u00e9cnica de Planeaci\u00f3n, Seguimiento y Evaluaci\u00f3n, programa que promueve la limpieza y el mantenimiento urbano, fomentando el sentido de pertenencia y responsabilidad compartida.<\/p>\n\n\n\n<p>Los j\u00f3venes coincidieron en la importancia de involucrarse en estos programas, ya que adem\u00e1s de mejorar la imagen de la ciudad, fortalecen la conciencia ciudadana y promueven la colaboraci\u00f3n comunitaria.<\/p>\n\n\n\n<p>Destacaron que el ejemplo de su participaci\u00f3n puede inspirar a m\u00e1s personas a contribuir con acciones que impacten positivamente en M\u00e9rida.<\/p>\n\n\n\n<p>En su intervenci\u00f3n, Sharon Maribel Le\u00f3n Cervera, presidenta municipal juvenil, agradeci\u00f3 a la alcaldesa Cecilia Patr\u00f3n Laviada la oportunidad de representar a la juventud meridana.<\/p>\n\n\n\n<p>Se\u00f1al\u00f3 que muchos grandes logros comenzaron con un \u201ces imposible\u201d y que estar en ese espacio demuestra que la juventud no solo es el futuro, sino tambi\u00e9n el presente.<\/p>\n\n\n\n<p>\u201cUna voz joven no es sin\u00f3nimo de peque\u00f1ez, sino de posibilidad; la colaboraci\u00f3n es la mejor herramienta\u201d, expres\u00f3, alentando a sus compa\u00f1eras y compa\u00f1eros a nunca dejar de aprender y participar.<\/p>\n\n\n\n<p>El Cabildo Juvenil es un espacio que refleja el compromiso del municipio con la ni\u00f1ez y la juventud, promoviendo su participaci\u00f3n en la construcci\u00f3n de una M\u00e9rida m\u00e1s incluyente, participativa y sensible ante las necesidades de su gente.<\/p>\n\n\n\n<p>Este ejercicio c\u00edvico y educativo busca fomentar los valores de la participaci\u00f3n ciudadana, el respeto y el di\u00e1logo como herramientas para resolver conflictos de manera pac\u00edfica. A trav\u00e9s de esta experiencia, se brindan a las y los participantes, herramientas para fortalecer la convivencia y promover una cultura de paz.<\/p>\n\n\n\n<p>De esta manera, el Cabildo Juvenil de M\u00e9rida 2025 se consolida como una plataforma de aprendizaje, liderazgo y expresi\u00f3n, reafirmando el compromiso del Ayuntamiento con la formaci\u00f3n c\u00edvica y el desarrollo integral de la ni\u00f1ez y juventud meridana.<\/p>\n","protected":false},"excerpt":{"rendered":"<p>M\u00c9RIDA, Yucat\u00e1n.- El Ayuntamiento de M\u00e9rida, a trav\u00e9s del DIF Municipal, realiz\u00f3 la Segunda Sesi\u00f3n del Cabildo Juvenil 2025, integrado por 19 adolescentes de 11 escuelas de M\u00e9rida y sus<\/p>\n","protected":false},"author":2,"featured_media":135976,"comment_status":"open","ping_status":"open","sticky":false,"template":"","format":"standard","meta":{"jetpack_post_was_ever_published":false,"_jetpack_newsletter_access":"","_jetpack_dont_email_post_to_subs":false,"_jetpack_newsletter_tier_id":0,"_jetpack_memberships_contains_paywalled_content":false,"_jetpack_memberships_contains_paid_content":false,"footnotes":"","jetpack_publicize_message":"","jetpack_publicize_feature_enabled":true,"jetpack_social_post_already_shared":true,"jetpack_social_options":{"image_generator_settings":{"template":"highway","default_image_id":0,"font":"","enabled":false},"version":2}},"categories":[54],"tags":[],"class_list":["post-135974","post","type-post","status-publish","format-standard","has-post-thumbnail","hentry","category-yucatan"],"jetpack_publicize_connections":[],"jetpack_featured_media_url":"https:\/\/formalprision.com\/wp-content\/uploads\/2025\/11\/WhatsApp-Image-2025-11-05-at-6.58.58-PM.jpeg","jetpack_sharing_enabled":true,"jetpack_shortlink":"https:\/\/wp.me\/p6id8p-zn8","_links":{"self":[{"href":"https:\/\/formalprision.com\/index.php?rest_route=\/wp\/v2\/posts\/135974","targetHints":{"allow":["GET"]}}],"collection":[{"href":"https:\/\/formalprision.com\/index.php?rest_route=\/wp\/v2\/posts"}],"about":[{"href":"https:\/\/formalprision.com\/index.php?rest_route=\/wp\/v2\/types\/post"}],"author":[{"embeddable":true,"href":"https:\/\/formalprision.com\/index.php?rest_route=\/wp\/v2\/users\/2"}],"replies":[{"embeddable":true,"href":"https:\/\/formalprision.com\/index.php?rest_route=%2Fwp%2Fv2%2Fcomments&post=135974"}],"version-history":[{"count":1,"href":"https:\/\/formalprision.com\/index.php?rest_route=\/wp\/v2\/posts\/135974\/revisions"}],"predecessor-version":[{"id":135975,"href":"https:\/\/formalprision.com\/index.php?rest_route=\/wp\/v2\/posts\/135974\/revisions\/135975"}],"wp:featuredmedia":[{"embeddable":true,"href":"https:\/\/formalprision.com\/index.php?rest_route=\/wp\/v2\/media\/135976"}],"wp:attachment":[{"href":"https:\/\/formalprision.com\/index.php?rest_route=%2Fwp%2Fv2%2Fmedia&parent=135974"}],"wp:term":[{"taxonomy":"category","embeddable":true,"href":"https:\/\/formalprision.com\/index.php?rest_route=%2Fwp%2Fv2%2Fcategories&post=135974"},{"taxonomy":"post_tag","embeddable":true,"href":"https:\/\/formalprision.com\/index.php?rest_route=%2Fwp%2Fv2%2Ftags&post=135974"}],"curies":[{"name":"wp","href":"https:\/\/api.w.org\/{rel}","templated":true}]}}