{"id":135988,"date":"2025-11-05T22:32:38","date_gmt":"2025-11-06T03:32:38","guid":{"rendered":"https:\/\/formalprision.com\/?p=135988"},"modified":"2025-11-05T22:32:38","modified_gmt":"2025-11-06T03:32:38","slug":"merida-y-la-paz-unidas-por-el-desarrollo-economico-y-cultural-de-su-gente","status":"publish","type":"post","link":"https:\/\/formalprision.com\/?p=135988","title":{"rendered":"M\u00e9rida y La Paz unidas por el desarrollo econ\u00f3mico y cultural de su gente"},"content":{"rendered":"\n<p>LA PAZ, Baja California Sur.- La presidenta municipal de M\u00e9rida, Cecilia Patr\u00f3n Laviada, firm\u00f3 un convenio de colaboraci\u00f3n con el municipio de La Paz, Baja California Sur, que encabeza Milena Paola Quiroga Romero, para compartir experiencias en materia econ\u00f3mica, tur\u00edstica, cultura y empleo.<\/p>\n\n\n\n<p>De esta manera, M\u00e9rida da un paso m\u00e1s para fortalecer su desarrollo y seguir construyendo alianzas que generen prosperidad para la gente.<\/p>\n\n\n\n<p>La ceremonia se realiz\u00f3 en el marco de la asistencia de la alcaldesa meridana como ponente en el Foro de Ciudades del Aprendizaje Latinoam\u00e9rica de la UNESCO con sede en La Paz.<\/p>\n","protected":false},"excerpt":{"rendered":"<p>LA PAZ, Baja California Sur.- La presidenta municipal de M\u00e9rida, Cecilia Patr\u00f3n Laviada, firm\u00f3 un convenio de colaboraci\u00f3n con el municipio de La Paz, Baja California Sur, que encabeza Milena<\/p>\n","protected":false},"author":2,"featured_media":135990,"comment_status":"open","ping_status":"open","sticky":false,"template":"","format":"standard","meta":{"jetpack_post_was_ever_published":false,"_jetpack_newsletter_access":"","_jetpack_dont_email_post_to_subs":false,"_jetpack_newsletter_tier_id":0,"_jetpack_memberships_contains_paywalled_content":false,"_jetpack_memberships_contains_paid_content":false,"footnotes":"","jetpack_publicize_message":"","jetpack_publicize_feature_enabled":true,"jetpack_social_post_already_shared":true,"jetpack_social_options":{"image_generator_settings":{"template":"highway","default_image_id":0,"font":"","enabled":false},"version":2}},"categories":[14],"tags":[],"class_list":["post-135988","post","type-post","status-publish","format-standard","has-post-thumbnail","hentry","category-merida"],"jetpack_publicize_connections":[],"jetpack_featured_media_url":"https:\/\/formalprision.com\/wp-content\/uploads\/2025\/11\/WhatsApp-Image-2025-11-05-at-8.52.23-PM.jpeg","jetpack_sharing_enabled":true,"jetpack_shortlink":"https:\/\/wp.me\/p6id8p-znm","_links":{"self":[{"href":"https:\/\/formalprision.com\/index.php?rest_route=\/wp\/v2\/posts\/135988","targetHints":{"allow":["GET"]}}],"collection":[{"href":"https:\/\/formalprision.com\/index.php?rest_route=\/wp\/v2\/posts"}],"about":[{"href":"https:\/\/formalprision.com\/index.php?rest_route=\/wp\/v2\/types\/post"}],"author":[{"embeddable":true,"href":"https:\/\/formalprision.com\/index.php?rest_route=\/wp\/v2\/users\/2"}],"replies":[{"embeddable":true,"href":"https:\/\/formalprision.com\/index.php?rest_route=%2Fwp%2Fv2%2Fcomments&post=135988"}],"version-history":[{"count":1,"href":"https:\/\/formalprision.com\/index.php?rest_route=\/wp\/v2\/posts\/135988\/revisions"}],"predecessor-version":[{"id":135989,"href":"https:\/\/formalprision.com\/index.php?rest_route=\/wp\/v2\/posts\/135988\/revisions\/135989"}],"wp:featuredmedia":[{"embeddable":true,"href":"https:\/\/formalprision.com\/index.php?rest_route=\/wp\/v2\/media\/135990"}],"wp:attachment":[{"href":"https:\/\/formalprision.com\/index.php?rest_route=%2Fwp%2Fv2%2Fmedia&parent=135988"}],"wp:term":[{"taxonomy":"category","embeddable":true,"href":"https:\/\/formalprision.com\/index.php?rest_route=%2Fwp%2Fv2%2Fcategories&post=135988"},{"taxonomy":"post_tag","embeddable":true,"href":"https:\/\/formalprision.com\/index.php?rest_route=%2Fwp%2Fv2%2Ftags&post=135988"}],"curies":[{"name":"wp","href":"https:\/\/api.w.org\/{rel}","templated":true}]}}