{"id":136011,"date":"2025-11-06T18:28:23","date_gmt":"2025-11-06T23:28:23","guid":{"rendered":"https:\/\/formalprision.com\/?p=136011"},"modified":"2025-11-06T18:28:23","modified_gmt":"2025-11-06T23:28:23","slug":"unesco-reconoce-el-programa-merida-ta-weetel-como-factor-de-inclusion-y-aprendizaje","status":"publish","type":"post","link":"https:\/\/formalprision.com\/?p=136011","title":{"rendered":"UNESCO reconoce el programa M\u00e9rida Ta W\u00e9etel como factor de inclusi\u00f3n y aprendizaje"},"content":{"rendered":"\n<p>LA PAZ, Baja California Sur.- Con la estrategia M\u00e9rida Ta W\u00e9etel, la capital yucateca fue reconocida por UNESCO por Buenas Pr\u00e1cticas dentro de la Red de Ciudades del Aprendizaje, distinci\u00f3n que permite al Ayuntamiento posicionarse como ejemplo de gobierno municipal que promueve la conservaci\u00f3n de la lengua materna que trasciende de generaci\u00f3n en generaci\u00f3n.&nbsp;<\/p>\n\n\n\n<p>\u201cEste reconocimiento incluye un apoyo econ\u00f3mico de 1 mil 500 d\u00f3lares que ser\u00e1 destinado directamente al Instituto Municipal para el Fortalecimiento de la Cultura Maya, impulsando su alcance e impacto en favor de la preservaci\u00f3n de nuestra lengua\u201d, indic\u00f3 la presidenta municipal Cecilia Patr\u00f3n Laviada.&nbsp;<\/p>\n\n\n\n<p>La alcaldesa indic\u00f3 que M\u00e9rida forma parte de la Red de Ciudades del Aprendizaje de la UNESCO desde febrero del 2024 y aplic\u00f3 al concurso Buenas Pr\u00e1cticas de Latinoam\u00e9rica en la categor\u00eda \u201cInclusi\u00f3n y accesibilidad del aprendizaje\u201d mediante esta estrategia de conservaci\u00f3n y promoci\u00f3n de la lengua maya dentro del municipio.<\/p>\n\n\n\n<p>El estrategia M\u00e9rida Ta W\u00e9etel tiene dos objetivos principales: Posicionar la lengua maya como veh\u00edculo de comunicaci\u00f3n en el servicio p\u00fablico municipal, y fortalecer y revitalizar la presencia visual, oral y medi\u00e1tica en el \u00e1mbito social de la lengua maya a trav\u00e9s de un plan ling\u00fc\u00edstico de cooperaci\u00f3n con la sociedad.&nbsp;<\/p>\n\n\n\n<p>Es por ello que, con el fin de promover buenas pr\u00e1cticas para el fomento del aprendizaje a lo largo de la vida y su aplicaci\u00f3n, la Red que engloba varias ciudades latinoamericanas abri\u00f3 convocatoria del 24 de junio al 23 de julio del presente para recibir propuestas de Buenas Pr\u00e1cticas y Acciones de todas las ciudades con membres\u00eda a este organismo internacional.&nbsp;<\/p>\n\n\n\n<p>El comit\u00e9 de selecci\u00f3n del concurso recibi\u00f3 35 propuestas de buenas pr\u00e1cticas de distintas ciudades de Latinoam\u00e9rica, de las cuales 12 fueron distinguidas como finalistas y siete como ganadoras, entre ellas M\u00e9rida, por su ejemplo de un gobierno comprometido con la educaci\u00f3n y la ense\u00f1anza, y adem\u00e1s con la trascendencia de sus ra\u00edces para transmitir de generaci\u00f3n de generaci\u00f3n el conocimiento que nos da identidad como sociedad.&nbsp;<\/p>\n\n\n\n<p>Cabe se\u00f1alar que el Ayuntamiento de M\u00e9rida cuenta con el Instituto Municipal para el Fortalecimiento de la Cultura Maya que coadyuva en el fortalecimiento, promoci\u00f3n, divulgaci\u00f3n y reconocimiento de los derechos ling\u00fc\u00edsticos y culturales del pueblo maya en el municipio de M\u00e9rida.<\/p>\n\n\n\n<p>Actualmente se imparten clases de lengua maya a un total de 216 personas en espacios como Casa Mata, la biblioteca Jos\u00e9 Mart\u00ed y en el edificio del Instituto, en el que se impulsa y fortalece la lengua maya en el servicio p\u00fablico; ense\u00f1a lengua maya mediante programas acad\u00e9micos; promueve la alfabetizaci\u00f3n de lengua maya en uso coloquial, art\u00edstico y cultural, y capacita en formaci\u00f3n laboral a mayores de 15 como int\u00e9rpretes en lengua maya.<\/p>\n\n\n\n<p>El pasado 21 de febrero y en el marco del D\u00eda Internacional de las Lenguas Maternas, el Instituto celebr\u00f3 su sexto aniversario y realiz\u00f3 la firma de Carta Intenci\u00f3n entre el Municipio de M\u00e9rida, la Asociaci\u00f3n Garabide Elkartea Kultur, del Pa\u00eds Vasco, Espa\u00f1a, y la Asociaci\u00f3n Y\u00fauyum A.C.&nbsp; para la implementaci\u00f3n del Plan Ling\u00fc\u00edstico Municipal, acuerdo para coordinar esfuerzos entre el gobierno municipal y la sociedad civil para generar pol\u00edticas ling\u00fc\u00edsticas que impulsen el uso de la lengua maya.<\/p>\n\n\n\n<p>Con estas acciones el Ayuntamiento de M\u00e9rida contin\u00faa su compromiso de conservar y fortalecer su identidad comunitaria y cultural a trav\u00e9s de la ense\u00f1anza, siendo ejemplo de innovaci\u00f3n y construccion de alianzas que potencialicen las buenas pr\u00e1cticas municipales, permitiendo acceder a recursos internacionales que ayuden a consolidar estas pol\u00edticas p\u00fablicas.<\/p>\n","protected":false},"excerpt":{"rendered":"<p>LA PAZ, Baja California Sur.- Con la estrategia M\u00e9rida Ta W\u00e9etel, la capital yucateca fue reconocida por UNESCO por Buenas Pr\u00e1cticas dentro de la Red de Ciudades del Aprendizaje, distinci\u00f3n<\/p>\n","protected":false},"author":2,"featured_media":136013,"comment_status":"open","ping_status":"open","sticky":false,"template":"","format":"standard","meta":{"jetpack_post_was_ever_published":false,"_jetpack_newsletter_access":"","_jetpack_dont_email_post_to_subs":false,"_jetpack_newsletter_tier_id":0,"_jetpack_memberships_contains_paywalled_content":false,"_jetpack_memberships_contains_paid_content":false,"footnotes":"","jetpack_publicize_message":"","jetpack_publicize_feature_enabled":true,"jetpack_social_post_already_shared":true,"jetpack_social_options":{"image_generator_settings":{"template":"highway","default_image_id":0,"font":"","enabled":false},"version":2}},"categories":[14],"tags":[],"class_list":["post-136011","post","type-post","status-publish","format-standard","has-post-thumbnail","hentry","category-merida"],"jetpack_publicize_connections":[],"jetpack_featured_media_url":"https:\/\/formalprision.com\/wp-content\/uploads\/2025\/11\/WhatsApp-Image-2025-11-06-at-4.23.22-PM.jpeg","jetpack_sharing_enabled":true,"jetpack_shortlink":"https:\/\/wp.me\/p6id8p-znJ","_links":{"self":[{"href":"https:\/\/formalprision.com\/index.php?rest_route=\/wp\/v2\/posts\/136011","targetHints":{"allow":["GET"]}}],"collection":[{"href":"https:\/\/formalprision.com\/index.php?rest_route=\/wp\/v2\/posts"}],"about":[{"href":"https:\/\/formalprision.com\/index.php?rest_route=\/wp\/v2\/types\/post"}],"author":[{"embeddable":true,"href":"https:\/\/formalprision.com\/index.php?rest_route=\/wp\/v2\/users\/2"}],"replies":[{"embeddable":true,"href":"https:\/\/formalprision.com\/index.php?rest_route=%2Fwp%2Fv2%2Fcomments&post=136011"}],"version-history":[{"count":1,"href":"https:\/\/formalprision.com\/index.php?rest_route=\/wp\/v2\/posts\/136011\/revisions"}],"predecessor-version":[{"id":136012,"href":"https:\/\/formalprision.com\/index.php?rest_route=\/wp\/v2\/posts\/136011\/revisions\/136012"}],"wp:featuredmedia":[{"embeddable":true,"href":"https:\/\/formalprision.com\/index.php?rest_route=\/wp\/v2\/media\/136013"}],"wp:attachment":[{"href":"https:\/\/formalprision.com\/index.php?rest_route=%2Fwp%2Fv2%2Fmedia&parent=136011"}],"wp:term":[{"taxonomy":"category","embeddable":true,"href":"https:\/\/formalprision.com\/index.php?rest_route=%2Fwp%2Fv2%2Fcategories&post=136011"},{"taxonomy":"post_tag","embeddable":true,"href":"https:\/\/formalprision.com\/index.php?rest_route=%2Fwp%2Fv2%2Ftags&post=136011"}],"curies":[{"name":"wp","href":"https:\/\/api.w.org\/{rel}","templated":true}]}}