{"id":136021,"date":"2025-11-06T21:57:18","date_gmt":"2025-11-07T02:57:18","guid":{"rendered":"https:\/\/formalprision.com\/?p=136021"},"modified":"2025-11-06T22:25:07","modified_gmt":"2025-11-07T03:25:07","slug":"revocan-la-visa-al-hijo-del-gobernador-de-sonora-por-lavado-de-dinero-y-huachicol-fiscal","status":"publish","type":"post","link":"https:\/\/formalprision.com\/?p=136021","title":{"rendered":"Revocan la visa al hijo del gobernador de Sonora, por lavado de dinero y huachicol fiscal"},"content":{"rendered":"\n<p>HERMOSILLO, Sonora.- El gobierno de Estados Unidos revoc\u00f3 la visa de Alfonso Durazo Ch\u00e1vez, hijo del gobernador de Sonora, Alfonso Durazo Monta\u00f1o, por presuntos v\u00ednculos con lavado de dinero y operaciones relacionadas con el llamado \u201chuachicol fiscal\u201d, de acuerdo con informaci\u00f3n publicada por Los Angeles Press.<\/p>\n\n\n\n<p>Fuentes citadas por el medio estadounidense se\u00f1alan que la medida fue tomada tras una investigaci\u00f3n del Departamento del Tesoro y del Departamento de Estado, que involucra a varios empresarios y familiares de funcionarios mexicanos presuntamente beneficiados por esquemas de triangulaci\u00f3n financiera.<\/p>\n\n\n\n<p>Aunque hasta el momento el gobierno de Sonora no ha emitido una postura oficial, el caso caus\u00f3 pol\u00e9mica, especialmente porque Alfonso Durazo Monta\u00f1o ha sido uno de los principales defensores del discurso anticorrupci\u00f3n dentro de Morena.<\/p>\n\n\n\n<p>La revocaci\u00f3n de visas a familiares de altos funcionarios mexicanos se ha vuelto m\u00e1s frecuente durante los \u00faltimos meses, como parte de la pol\u00edtica de vigilancia internacional sobre casos de corrupci\u00f3n y enriquecimiento il\u00edcito.<\/p>\n\n\n\n<p>Fuentes diplom\u00e1ticas indican que la decisi\u00f3n de Washington forma parte de una revisi\u00f3n m\u00e1s amplia sobre el uso de recursos p\u00fablicos y contratos ligados a redes financieras sospechosas de evasi\u00f3n y lavado de capital.<\/p>\n\n\n\n<p>La noticia se suma a una serie de se\u00f1alamientos que han golpeado a la \u00e9lite pol\u00edtica vinculada al oficialismo. Si bien no existen a\u00fan acusaciones judiciales formales contra Durazo Ch\u00e1vez, el retiro de su visa representa un mensaje claro del gobierno estadounidense sobre el endurecimiento del escrutinio internacional contra la corrupci\u00f3n en M\u00e9xico.<\/p>\n","protected":false},"excerpt":{"rendered":"<p>HERMOSILLO, Sonora.- El gobierno de Estados Unidos revoc\u00f3 la visa de Alfonso Durazo Ch\u00e1vez, hijo del gobernador de Sonora, Alfonso Durazo Monta\u00f1o, por presuntos v\u00ednculos con lavado de dinero y<\/p>\n","protected":false},"author":2,"featured_media":136023,"comment_status":"open","ping_status":"open","sticky":false,"template":"","format":"standard","meta":{"jetpack_post_was_ever_published":false,"_jetpack_newsletter_access":"","_jetpack_dont_email_post_to_subs":false,"_jetpack_newsletter_tier_id":0,"_jetpack_memberships_contains_paywalled_content":false,"_jetpack_memberships_contains_paid_content":false,"footnotes":"","jetpack_publicize_message":"","jetpack_publicize_feature_enabled":true,"jetpack_social_post_already_shared":true,"jetpack_social_options":{"image_generator_settings":{"template":"highway","default_image_id":0,"font":"","enabled":false},"version":2}},"categories":[23,21],"tags":[],"class_list":["post-136021","post","type-post","status-publish","format-standard","has-post-thumbnail","hentry","category-del-mundo","category-nacionales"],"jetpack_publicize_connections":[],"jetpack_featured_media_url":"https:\/\/formalprision.com\/wp-content\/uploads\/2025\/11\/fonso.jpg","jetpack_sharing_enabled":true,"jetpack_shortlink":"https:\/\/wp.me\/p6id8p-znT","_links":{"self":[{"href":"https:\/\/formalprision.com\/index.php?rest_route=\/wp\/v2\/posts\/136021","targetHints":{"allow":["GET"]}}],"collection":[{"href":"https:\/\/formalprision.com\/index.php?rest_route=\/wp\/v2\/posts"}],"about":[{"href":"https:\/\/formalprision.com\/index.php?rest_route=\/wp\/v2\/types\/post"}],"author":[{"embeddable":true,"href":"https:\/\/formalprision.com\/index.php?rest_route=\/wp\/v2\/users\/2"}],"replies":[{"embeddable":true,"href":"https:\/\/formalprision.com\/index.php?rest_route=%2Fwp%2Fv2%2Fcomments&post=136021"}],"version-history":[{"count":1,"href":"https:\/\/formalprision.com\/index.php?rest_route=\/wp\/v2\/posts\/136021\/revisions"}],"predecessor-version":[{"id":136022,"href":"https:\/\/formalprision.com\/index.php?rest_route=\/wp\/v2\/posts\/136021\/revisions\/136022"}],"wp:featuredmedia":[{"embeddable":true,"href":"https:\/\/formalprision.com\/index.php?rest_route=\/wp\/v2\/media\/136023"}],"wp:attachment":[{"href":"https:\/\/formalprision.com\/index.php?rest_route=%2Fwp%2Fv2%2Fmedia&parent=136021"}],"wp:term":[{"taxonomy":"category","embeddable":true,"href":"https:\/\/formalprision.com\/index.php?rest_route=%2Fwp%2Fv2%2Fcategories&post=136021"},{"taxonomy":"post_tag","embeddable":true,"href":"https:\/\/formalprision.com\/index.php?rest_route=%2Fwp%2Fv2%2Ftags&post=136021"}],"curies":[{"name":"wp","href":"https:\/\/api.w.org\/{rel}","templated":true}]}}