{"id":136197,"date":"2025-11-12T23:45:21","date_gmt":"2025-11-13T04:45:21","guid":{"rendered":"https:\/\/formalprision.com\/?p=136197"},"modified":"2025-11-13T22:59:08","modified_gmt":"2025-11-14T03:59:08","slug":"la-magia-del-circo-llegara-al-carnaval-de-merida-2026","status":"publish","type":"post","link":"https:\/\/formalprision.com\/?p=136197","title":{"rendered":"La magia del circo llegar\u00e1 al Carnaval de M\u00e9rida 2026"},"content":{"rendered":"\n<p>-Una fiesta en donde la fantas\u00eda se convertir\u00e1 en realidad y la ciudad se llenar\u00e1 de alegr\u00eda y diversi\u00f3n.<\/p>\n\n\n\n<p>-Esta edici\u00f3n traer\u00e1 muchas sorpresas y novedades: carpas circenses, espect\u00e1culos y conciertos gratuitos.<\/p>\n\n\n\n<p>M\u00e9rida, Yucat\u00e1n, mi\u00e9rcoles 12 de noviembre de 2025.- Con el tema Circo Carnaval M\u00e9rida 2026, la ciudad se prepara para vivir una fiesta l\u00fadica, segura, inclusiva y accesible para todas y todos, destac\u00f3 la presidenta municipal Cecilia Patr\u00f3n Laviada al dar a conocer detalles del evento que se realizar\u00e1 del 11 al 18 de febrero en el recinto ferial de Xmatkuil.<\/p>\n\n\n\n<p>\u201cEstamos pr\u00f3ximos a celebrar el Carnaval de M\u00e9rida 2026, la fiesta m\u00e1s grande de la ciudad, la fiesta de la gente, con una visi\u00f3n que va de la mano de nuestro Plan de Desarrollo de M\u00e9rida con el que estamos construyendo una comunidad con justicia social, de la mano de sus habitantes\u201d, expres\u00f3.<\/p>\n\n\n\n<p>La sede se convertir\u00e1 en una gran carpa de fantas\u00eda y diversi\u00f3n, siendo la esencia de la celebraci\u00f3n el derrotero que este a\u00f1o aumentar\u00e1 su aforo para recibir cada d\u00eda a unos 4 mil asistentes m\u00e1s que en la edici\u00f3n anterior, lo que representa un incremento en la capacidad de 36 mil a 40 mil personas diariamente.<\/p>\n\n\n\n<p>Con esta ampliaci\u00f3n se espera una afluencia de hasta 400 mil visitantes, tanto en los desfiles, como en los escenarios que ofrecen espect\u00e1culos despu\u00e9s del derrotero. La afluencia al Carnaval de 2025 fue de 350 mil personas.<\/p>\n\n\n\n<p>Cecilia indic\u00f3 que este a\u00f1o el arte circense ser\u00e1 motivo de alegr\u00eda, fantas\u00eda, tradici\u00f3n y diversi\u00f3n durante siete d\u00edas de fiesta, con innovaciones en diversas \u00e1reas de esparcimiento y actividades para aprender mientras se divierten.<\/p>\n\n\n\n<p>La secretaria ejecutiva del Comit\u00e9 Permanente del Carnaval, Mariana Villamil Rodr\u00edguez, indic\u00f3 que entre las sorpresas y novedades habr\u00e1 cuatro carpas circenses en Ciudad Carnaval.<\/p>\n\n\n\n<p>Disfrutaremos de \u201cEl Mundo del Circo\u201d, un espect\u00e1culo con actos sorprendentes, personajes cl\u00e1sicos y libre de maltrato animal, as\u00ed como del \u201cFestival Musical del Circo\u201d, una fiesta que fusionar\u00e1 la m\u00fasica electr\u00f3nica con la presentaci\u00f3n de DJs regionales, acrobacias y un espectacular juego de luces, expres\u00f3.<\/p>\n\n\n\n<p>La funcionaria mencion\u00f3 que tambi\u00e9n estar\u00e1 la carpa \u201cCirco Aventura\u201d, un museo interactivo para jugar con trapecios, aros, rodillos para equilibrios y telas a\u00e9reas, mientras que en \u201cLa Carpa Disfraz\u201d, grandes y peque\u00f1os podr\u00e1n caracterizarse de diferentes personajes y tomarse fotograf\u00edas para llevarse un recuerdo del Carnaval 2026.<\/p>\n\n\n\n<p>Asimismo, en colaboraci\u00f3n con la Fototeca Pedro Guerra de la Universidad Aut\u00f3noma de Yucat\u00e1n, se presentar\u00e1 una exposici\u00f3n fotogr\u00e1fica del Carnaval de M\u00e9rida con im\u00e1genes de m\u00e1s de 100 a\u00f1os de antig\u00fcedad, a fin de difundir la importancia de la conservaci\u00f3n del patrimonio fotogr\u00e1fico. Tambi\u00e9n, se tendr\u00e1n proyecciones de cine mudo, una etapa fundamental en el desarrollo de la industria cinematogr\u00e1fica y que se inspir\u00f3 en el lenguaje popular del carnaval.<\/p>\n\n\n\n<p>El respeto y cuidado animal seguir\u00e1 siendo parte de la fiesta con una zona pet friendly; y en sinton\u00eda con la responsabilidad ambiental, de nuevo un espect\u00e1culo de drones iluminar\u00e1 la inauguraci\u00f3n en Ciudad Carnaval, sin pirotecnia, para evitar impactar la Reserva Ecol\u00f3gica Cuxtal.<\/p>\n\n\n\n<p>Se mantendr\u00e1n las \u00e1reas especiales para mujeres, personas con discapacidad y adultos mayores, y rutas de transporte gratuito desde diversos puntos de la ciudad. El acceso al recinto, eventos y estacionamiento ser\u00e1n gratuitos.<\/p>\n\n\n\n<p>En un momento de gran entusiasmo, se present\u00f3 a las reinas y los reyes electos 2026, encabezados por Sara Margeny Barredo Uc y Javier Emmanuel Barrera Castro.<\/p>\n\n\n\n<p>La soberana y el soberano juveniles electos son Hanna Fernanda Arana Herrera y Yahir Jes\u00fas Pacheco Baeza, respectivamente; mientras que, en la categor\u00eda infantil, Valentina Isabela May Fern\u00e1ndez y Noah Jaziel Bacab C\u00e1ceres son reyes electos.<\/p>\n\n\n\n<p>Saidy del Socorro Jim\u00e9nez Villanueva y Jos\u00e9 Luis G\u00f3ngora Dom\u00ednguez son la y el soberano Persona Mayor electos; y la reina y el rey electos con Discapacidad Motriz son Ariadne Denisse Campos Bonilla y Josu\u00e9 Francisco Mena Pantoja.<\/p>\n\n\n\n<p>La categor\u00eda de Discapacidad Intelectual se ampli\u00f3 para abarcar a las personas neurodivergentes y, por primera vez el Carnaval de M\u00e9rida cuenta con la soberana electa Neurodivergente (Autista), Kiara Romero Franks, que contagiar\u00e1 de diversi\u00f3n junto con Jos\u00e9 Isael Gonz\u00e1lez Esc\u00e1rcega, rey electo con Discapacidad Intelectual.<\/p>\n\n\n\n<p>Pr\u00f3ximamente se dar\u00e1n m\u00e1s detalles de esta fiesta que es para todas y todos los meridanos.<\/p>\n\n\n\n<h1 class=\"wp-block-heading\">M\u00e9ridaContigoEsMejor<\/h1>\n","protected":false},"excerpt":{"rendered":"<p>-Una fiesta en donde la fantas\u00eda se convertir\u00e1 en realidad y la ciudad se llenar\u00e1 de alegr\u00eda y diversi\u00f3n. -Esta edici\u00f3n traer\u00e1 muchas sorpresas y novedades: carpas circenses, espect\u00e1culos y<\/p>\n","protected":false},"author":1,"featured_media":136198,"comment_status":"open","ping_status":"open","sticky":false,"template":"","format":"standard","meta":{"jetpack_post_was_ever_published":false,"_jetpack_newsletter_access":"","_jetpack_dont_email_post_to_subs":false,"_jetpack_newsletter_tier_id":0,"_jetpack_memberships_contains_paywalled_content":false,"_jetpack_memberships_contains_paid_content":false,"footnotes":"","jetpack_publicize_message":"","jetpack_publicize_feature_enabled":true,"jetpack_social_post_already_shared":true,"jetpack_social_options":{"image_generator_settings":{"template":"highway","default_image_id":0,"font":"","enabled":false},"version":2}},"categories":[14],"tags":[],"class_list":["post-136197","post","type-post","status-publish","format-standard","has-post-thumbnail","hentry","category-merida"],"jetpack_publicize_connections":[],"jetpack_featured_media_url":"https:\/\/formalprision.com\/wp-content\/uploads\/2025\/11\/IMG-20251112-WA0337.jpg","jetpack_sharing_enabled":true,"jetpack_shortlink":"https:\/\/wp.me\/p6id8p-zqJ","_links":{"self":[{"href":"https:\/\/formalprision.com\/index.php?rest_route=\/wp\/v2\/posts\/136197","targetHints":{"allow":["GET"]}}],"collection":[{"href":"https:\/\/formalprision.com\/index.php?rest_route=\/wp\/v2\/posts"}],"about":[{"href":"https:\/\/formalprision.com\/index.php?rest_route=\/wp\/v2\/types\/post"}],"author":[{"embeddable":true,"href":"https:\/\/formalprision.com\/index.php?rest_route=\/wp\/v2\/users\/1"}],"replies":[{"embeddable":true,"href":"https:\/\/formalprision.com\/index.php?rest_route=%2Fwp%2Fv2%2Fcomments&post=136197"}],"version-history":[{"count":1,"href":"https:\/\/formalprision.com\/index.php?rest_route=\/wp\/v2\/posts\/136197\/revisions"}],"predecessor-version":[{"id":136199,"href":"https:\/\/formalprision.com\/index.php?rest_route=\/wp\/v2\/posts\/136197\/revisions\/136199"}],"wp:featuredmedia":[{"embeddable":true,"href":"https:\/\/formalprision.com\/index.php?rest_route=\/wp\/v2\/media\/136198"}],"wp:attachment":[{"href":"https:\/\/formalprision.com\/index.php?rest_route=%2Fwp%2Fv2%2Fmedia&parent=136197"}],"wp:term":[{"taxonomy":"category","embeddable":true,"href":"https:\/\/formalprision.com\/index.php?rest_route=%2Fwp%2Fv2%2Fcategories&post=136197"},{"taxonomy":"post_tag","embeddable":true,"href":"https:\/\/formalprision.com\/index.php?rest_route=%2Fwp%2Fv2%2Ftags&post=136197"}],"curies":[{"name":"wp","href":"https:\/\/api.w.org\/{rel}","templated":true}]}}